{"id":942,"date":"2013-11-12T12:27:56","date_gmt":"2013-11-12T11:27:56","guid":{"rendered":"http:\/\/blog.vertice.org\/?p=942"},"modified":"2014-03-10T13:42:11","modified_gmt":"2014-03-10T12:42:11","slug":"mobile-learning-estudiar-ya-no-tiene-fronteras","status":"publish","type":"post","link":"https:\/\/grupovertice.com\/blog\/mobile-learning-estudiar-ya-no-tiene-fronteras\/","title":{"rendered":"Mobile learning, estudiar ya no tiene fronteras"},"content":{"rendered":"<p style=\"text-align: justify;\"><a href=\"http:\/\/blog.vertice.org\/wp-content\/uploads\/2013\/11\/mobile-learning_post.jpg\"><img loading=\"lazy\" class=\"aligncenter size-full wp-image-943\" alt=\"mobile-learning_post\" src=\"http:\/\/blog.vertice.org\/wp-content\/uploads\/2013\/11\/mobile-learning_post.jpg\" width=\"450\" height=\"250\" \/><\/a><\/p>\n<p style=\"text-align: justify;\">En los \u00faltimos tiempos hemos sido testigos del importante auge que han vivido las nuevas metodolog\u00edas de formaci\u00f3n.<\/p>\n<p style=\"text-align: justify;\">Hoy quiero profundizar en la evoluci\u00f3n del <i>mobile learning<\/i> o <i>m-learning<\/i>, un proceso de ense\u00f1anza-aprendizaje que se realiza a trav\u00e9s de cualquier dispositivo m\u00f3vil con conectividad inal\u00e1mbrica (tel\u00e9fono, tablet, mp3\u2026) y que cuenta con notables diferencias con el <i>e-learning<\/i> tradicional: es <b>personal<\/b>, <b>colaborativo<\/b> e <b>interactivo<\/b> en cualquier contexto o situaci\u00f3n.<\/p>\n<p style=\"text-align: justify;\">En definitiva, hablamos de un m\u00e9todo que enfatiza en el aprendizaje en cualquier sitio y a cualquier hora. Ya no se requiere estar en un lugar particular ni a una hora dada para aprender. El <b>dispositivo m\u00f3vil<\/b> puede ser usado en <b>cualquier momento<\/b>, adapt\u00e1ndose as\u00ed a los requerimientos y disponibilidades individuales de cada persona.<\/p>\n<p style=\"text-align: justify;\">Espa\u00f1a se encuentra en un proceso de consolidaci\u00f3n de esta metodolog\u00eda. Su introducci\u00f3n en el mundo formativo requiere un esfuerzo en adaptaci\u00f3n de contenidos al dispositivo m\u00f3vil. Hay que tener en cuenta, por ejemplo, que las pantallas son de un tama\u00f1o menor a las de un ordenador lo que implica que la cantidad de informaci\u00f3n visible es m\u00e1s limitada.<\/p>\n<p style=\"text-align: justify;\">Sin embargo, estudios, como el publicado por el <strong><a href=\"http:\/\/bit.ly\/896iI4\" target=\"_blank\">Observatorio Scopeo<\/a><\/strong>, avalan una importante expansi\u00f3n del <i>m-learning<\/i> como herramienta educacional. Principalmente porque abre un gran abanico de posibilidades para la formaci\u00f3n y el empleo, bas\u00e1ndose en la idea de impartir la formaci\u00f3n en contexto y fomentar el lado l\u00fadico de la misma. Por otra parte, este proceso de ense\u00f1anza-aprendizaje conlleva que accedamos a la informaci\u00f3n cuando estemos motivados para ello, por lo que dicho proceso ser\u00e1 m\u00e1s \u00f3ptimo.<\/p>\n<p style=\"text-align: justify;\">Organizaciones como la <b>UNESCO<\/b> <b>defienden<\/b> esta <b>metodolog\u00eda<\/b>, al considerarla un sistema que facilita la educaci\u00f3n a distancia en situaciones donde el acceso a la educaci\u00f3n es complicado o interrumpido.<\/p>\n<p style=\"text-align: justify;\">Es por eso que , desde <a href=\"http:\/\/www.vertice.org\" target=\"_blank\"><strong>Fundaci\u00f3n V\u00e9rtice<\/strong><\/a>, apostamos desde hace dos d\u00e9cadas por la innovaci\u00f3n y el avance, incluyendo el <i>m-learning<\/i> como elemento pedag\u00f3gico de nuestra <a href=\"http:\/\/www.youtube.com\/watch?feature=player_embedded&amp;v=ZXBdKTp2Ris\" target=\"_blank\"><b>formaci\u00f3n ONROOM<\/b><\/a>, conscientes de que tanto el <i>m-learning<\/i> como su siguiente paso, el <i>u-learning<\/i> (<i>ubiquitous learning<\/i> o aprendizaje ubicuo), nos gu\u00edan hacia el concepto de formaci\u00f3n universal. \u00bfEst\u00e1s preparado pare el futuro?<\/p>\n<p style=\"text-align: justify;\"><em>Por\u00a0<strong>Alba Olvera<\/strong> | Fundaci\u00f3n V\u00e9rtice<\/em><\/p>\n","protected":false},"excerpt":{"rendered":"<p>En los \u00faltimos tiempos hemos sido testigos del importante auge que han vivido las nuevas metodolog\u00edas de formaci\u00f3n. Hoy quiero<\/p>\n","protected":false},"author":3,"featured_media":0,"comment_status":"open","ping_status":"open","sticky":false,"template":"","format":"standard","meta":{"_monsterinsights_skip_tracking":false,"_monsterinsights_sitenote_active":false,"_monsterinsights_sitenote_note":"","_monsterinsights_sitenote_category":0},"categories":[],"tags":[],"yoast_head":"<!-- This site is optimized with the Yoast SEO plugin v17.2 - https:\/\/yoast.com\/wordpress\/plugins\/seo\/ -->\n<title>Mobile learning, estudiar ya no tiene fronteras  - V\u00c9RTICE<\/title>\n<meta name=\"robots\" content=\"index, follow, max-snippet:-1, max-image-preview:large, max-video-preview:-1\" \/>\n<link rel=\"canonical\" href=\"https:\/\/grupovertice.com\/blog\/mobile-learning-estudiar-ya-no-tiene-fronteras\/\" \/>\n<meta property=\"og:locale\" content=\"es_ES\" \/>\n<meta property=\"og:type\" content=\"article\" \/>\n<meta property=\"og:title\" content=\"Mobile learning, estudiar ya no tiene fronteras  - V\u00c9RTICE\" \/>\n<meta property=\"og:description\" content=\"En los \u00faltimos tiempos hemos sido testigos del importante auge que han vivido las nuevas metodolog\u00edas de formaci\u00f3n. Hoy quiero\" \/>\n<meta property=\"og:url\" content=\"https:\/\/grupovertice.com\/blog\/mobile-learning-estudiar-ya-no-tiene-fronteras\/\" \/>\n<meta property=\"og:site_name\" content=\"V\u00c9RTICE\" \/>\n<meta property=\"article:published_time\" content=\"2013-11-12T11:27:56+00:00\" \/>\n<meta property=\"article:modified_time\" content=\"2014-03-10T12:42:11+00:00\" \/>\n<meta property=\"og:image\" content=\"http:\/\/blog.vertice.org\/wp-content\/uploads\/2013\/11\/mobile-learning_post.jpg\" \/>\n<meta name=\"twitter:card\" content=\"summary\" \/>\n<meta name=\"twitter:label1\" content=\"Escrito por\" \/>\n\t<meta name=\"twitter:data1\" content=\"admin\" \/>\n\t<meta name=\"twitter:label2\" content=\"Tiempo de lectura\" \/>\n\t<meta name=\"twitter:data2\" content=\"2 minutos\" \/>\n<script type=\"application\/ld+json\" class=\"yoast-schema-graph\">{\"@context\":\"https:\/\/schema.org\",\"@graph\":[{\"@type\":\"WebSite\",\"@id\":\"https:\/\/grupovertice.com\/blog\/#website\",\"url\":\"https:\/\/grupovertice.com\/blog\/\",\"name\":\"V\\u00c9RTICE\",\"description\":\"BLOG DE FORMACI\\u00d3N Y EMPLEO\",\"potentialAction\":[{\"@type\":\"SearchAction\",\"target\":{\"@type\":\"EntryPoint\",\"urlTemplate\":\"https:\/\/grupovertice.com\/blog\/?s={search_term_string}\"},\"query-input\":\"required name=search_term_string\"}],\"inLanguage\":\"es\"},{\"@type\":\"ImageObject\",\"@id\":\"https:\/\/grupovertice.com\/blog\/mobile-learning-estudiar-ya-no-tiene-fronteras\/#primaryimage\",\"inLanguage\":\"es\",\"url\":\"http:\/\/blog.vertice.org\/wp-content\/uploads\/2013\/11\/mobile-learning_post.jpg\",\"contentUrl\":\"http:\/\/blog.vertice.org\/wp-content\/uploads\/2013\/11\/mobile-learning_post.jpg\"},{\"@type\":\"WebPage\",\"@id\":\"https:\/\/grupovertice.com\/blog\/mobile-learning-estudiar-ya-no-tiene-fronteras\/#webpage\",\"url\":\"https:\/\/grupovertice.com\/blog\/mobile-learning-estudiar-ya-no-tiene-fronteras\/\",\"name\":\"Mobile learning, estudiar ya no tiene fronteras - V\\u00c9RTICE\",\"isPartOf\":{\"@id\":\"https:\/\/grupovertice.com\/blog\/#website\"},\"primaryImageOfPage\":{\"@id\":\"https:\/\/grupovertice.com\/blog\/mobile-learning-estudiar-ya-no-tiene-fronteras\/#primaryimage\"},\"datePublished\":\"2013-11-12T11:27:56+00:00\",\"dateModified\":\"2014-03-10T12:42:11+00:00\",\"author\":{\"@id\":\"https:\/\/grupovertice.com\/blog\/#\/schema\/person\/381663d1e3ca04704bf429d4614c78d8\"},\"breadcrumb\":{\"@id\":\"https:\/\/grupovertice.com\/blog\/mobile-learning-estudiar-ya-no-tiene-fronteras\/#breadcrumb\"},\"inLanguage\":\"es\",\"potentialAction\":[{\"@type\":\"ReadAction\",\"target\":[\"https:\/\/grupovertice.com\/blog\/mobile-learning-estudiar-ya-no-tiene-fronteras\/\"]}]},{\"@type\":\"BreadcrumbList\",\"@id\":\"https:\/\/grupovertice.com\/blog\/mobile-learning-estudiar-ya-no-tiene-fronteras\/#breadcrumb\",\"itemListElement\":[{\"@type\":\"ListItem\",\"position\":1,\"name\":\"Portada\",\"item\":\"https:\/\/grupovertice.com\/blog\/\"},{\"@type\":\"ListItem\",\"position\":2,\"name\":\"Mobile learning, estudiar ya no tiene fronteras\"}]},{\"@type\":\"Person\",\"@id\":\"https:\/\/grupovertice.com\/blog\/#\/schema\/person\/381663d1e3ca04704bf429d4614c78d8\",\"name\":\"admin\",\"image\":{\"@type\":\"ImageObject\",\"@id\":\"https:\/\/grupovertice.com\/blog\/#personlogo\",\"inLanguage\":\"es\",\"url\":\"https:\/\/secure.gravatar.com\/avatar\/2df9ff9cd44a1e8b6c61018214076820?s=96&d=mm&r=g\",\"contentUrl\":\"https:\/\/secure.gravatar.com\/avatar\/2df9ff9cd44a1e8b6c61018214076820?s=96&d=mm&r=g\",\"caption\":\"admin\"},\"url\":\"https:\/\/grupovertice.com\/blog\/author\/adminvb\/\"}]}<\/script>\n<!-- \/ Yoast SEO plugin. -->","yoast_head_json":{"title":"Mobile learning, estudiar ya no tiene fronteras  - V\u00c9RTICE","robots":{"index":"index","follow":"follow","max-snippet":"max-snippet:-1","max-image-preview":"max-image-preview:large","max-video-preview":"max-video-preview:-1"},"canonical":"https:\/\/grupovertice.com\/blog\/mobile-learning-estudiar-ya-no-tiene-fronteras\/","og_locale":"es_ES","og_type":"article","og_title":"Mobile learning, estudiar ya no tiene fronteras  - V\u00c9RTICE","og_description":"En los \u00faltimos tiempos hemos sido testigos del importante auge que han vivido las nuevas metodolog\u00edas de formaci\u00f3n. Hoy quiero","og_url":"https:\/\/grupovertice.com\/blog\/mobile-learning-estudiar-ya-no-tiene-fronteras\/","og_site_name":"V\u00c9RTICE","article_published_time":"2013-11-12T11:27:56+00:00","article_modified_time":"2014-03-10T12:42:11+00:00","og_image":[{"url":"http:\/\/blog.vertice.org\/wp-content\/uploads\/2013\/11\/mobile-learning_post.jpg"}],"twitter_card":"summary","twitter_misc":{"Escrito por":"admin","Tiempo de lectura":"2 minutos"},"schema":{"@context":"https:\/\/schema.org","@graph":[{"@type":"WebSite","@id":"https:\/\/grupovertice.com\/blog\/#website","url":"https:\/\/grupovertice.com\/blog\/","name":"V\u00c9RTICE","description":"BLOG DE FORMACI\u00d3N Y EMPLEO","potentialAction":[{"@type":"SearchAction","target":{"@type":"EntryPoint","urlTemplate":"https:\/\/grupovertice.com\/blog\/?s={search_term_string}"},"query-input":"required name=search_term_string"}],"inLanguage":"es"},{"@type":"ImageObject","@id":"https:\/\/grupovertice.com\/blog\/mobile-learning-estudiar-ya-no-tiene-fronteras\/#primaryimage","inLanguage":"es","url":"http:\/\/blog.vertice.org\/wp-content\/uploads\/2013\/11\/mobile-learning_post.jpg","contentUrl":"http:\/\/blog.vertice.org\/wp-content\/uploads\/2013\/11\/mobile-learning_post.jpg"},{"@type":"WebPage","@id":"https:\/\/grupovertice.com\/blog\/mobile-learning-estudiar-ya-no-tiene-fronteras\/#webpage","url":"https:\/\/grupovertice.com\/blog\/mobile-learning-estudiar-ya-no-tiene-fronteras\/","name":"Mobile learning, estudiar ya no tiene fronteras - V\u00c9RTICE","isPartOf":{"@id":"https:\/\/grupovertice.com\/blog\/#website"},"primaryImageOfPage":{"@id":"https:\/\/grupovertice.com\/blog\/mobile-learning-estudiar-ya-no-tiene-fronteras\/#primaryimage"},"datePublished":"2013-11-12T11:27:56+00:00","dateModified":"2014-03-10T12:42:11+00:00","author":{"@id":"https:\/\/grupovertice.com\/blog\/#\/schema\/person\/381663d1e3ca04704bf429d4614c78d8"},"breadcrumb":{"@id":"https:\/\/grupovertice.com\/blog\/mobile-learning-estudiar-ya-no-tiene-fronteras\/#breadcrumb"},"inLanguage":"es","potentialAction":[{"@type":"ReadAction","target":["https:\/\/grupovertice.com\/blog\/mobile-learning-estudiar-ya-no-tiene-fronteras\/"]}]},{"@type":"BreadcrumbList","@id":"https:\/\/grupovertice.com\/blog\/mobile-learning-estudiar-ya-no-tiene-fronteras\/#breadcrumb","itemListElement":[{"@type":"ListItem","position":1,"name":"Portada","item":"https:\/\/grupovertice.com\/blog\/"},{"@type":"ListItem","position":2,"name":"Mobile learning, estudiar ya no tiene fronteras"}]},{"@type":"Person","@id":"https:\/\/grupovertice.com\/blog\/#\/schema\/person\/381663d1e3ca04704bf429d4614c78d8","name":"admin","image":{"@type":"ImageObject","@id":"https:\/\/grupovertice.com\/blog\/#personlogo","inLanguage":"es","url":"https:\/\/secure.gravatar.com\/avatar\/2df9ff9cd44a1e8b6c61018214076820?s=96&d=mm&r=g","contentUrl":"https:\/\/secure.gravatar.com\/avatar\/2df9ff9cd44a1e8b6c61018214076820?s=96&d=mm&r=g","caption":"admin"},"url":"https:\/\/grupovertice.com\/blog\/author\/adminvb\/"}]}},"fimg_url":false,"categories_names":[],"medio":"","clean-title":true,"_links":{"self":[{"href":"https:\/\/grupovertice.com\/blog\/wp-json\/wp\/v2\/posts\/942"}],"collection":[{"href":"https:\/\/grupovertice.com\/blog\/wp-json\/wp\/v2\/posts"}],"about":[{"href":"https:\/\/grupovertice.com\/blog\/wp-json\/wp\/v2\/types\/post"}],"author":[{"embeddable":true,"href":"https:\/\/grupovertice.com\/blog\/wp-json\/wp\/v2\/users\/3"}],"replies":[{"embeddable":true,"href":"https:\/\/grupovertice.com\/blog\/wp-json\/wp\/v2\/comments?post=942"}],"version-history":[{"count":4,"href":"https:\/\/grupovertice.com\/blog\/wp-json\/wp\/v2\/posts\/942\/revisions"}],"predecessor-version":[{"id":1095,"href":"https:\/\/grupovertice.com\/blog\/wp-json\/wp\/v2\/posts\/942\/revisions\/1095"}],"wp:attachment":[{"href":"https:\/\/grupovertice.com\/blog\/wp-json\/wp\/v2\/media?parent=942"}],"wp:term":[{"taxonomy":"category","embeddable":true,"href":"https:\/\/grupovertice.com\/blog\/wp-json\/wp\/v2\/categories?post=942"},{"taxonomy":"post_tag","embeddable":true,"href":"https:\/\/grupovertice.com\/blog\/wp-json\/wp\/v2\/tags?post=942"}],"curies":[{"name":"wp","href":"https:\/\/api.w.org\/{rel}","templated":true}]}}