{"id":9056,"date":"2024-12-19T08:05:07","date_gmt":"2024-12-19T08:05:07","guid":{"rendered":"https:\/\/grupovertice.com\/blog\/?p=9056"},"modified":"2024-12-19T08:05:07","modified_gmt":"2024-12-19T08:05:07","slug":"malaga-se-moviliza-campana-especial-de-donacion-de-sangre-para-navidad","status":"publish","type":"post","link":"https:\/\/grupovertice.com\/blog\/malaga-se-moviliza-campana-especial-de-donacion-de-sangre-para-navidad\/","title":{"rendered":"M\u00e1laga se moviliza: campa\u00f1a especial de donaci\u00f3n de sangre para Navidad"},"content":{"rendered":"<p id=\"paragraph_1\" class=\"paragraph\" data-mrf-recirculation=\"links-parrafos\">La Asociaci\u00f3n de Donantes de Sangre de M\u00e1laga \u201cLa Gota Roja\u201d y el Centro de Transfusi\u00f3n, Tejidos y C\u00e9lulas de M\u00e1laga, en colaboraci\u00f3n con el Grupo V\u00e9rtice, el C\u00edrculo Empresarial M\u00e1laga, el Grupo Medical Service e IVI M\u00e1laga, han lanzado una\u00a0<strong>campa\u00f1a especial de donaci\u00f3n de sangre<\/strong>\u00a0que se llevar\u00e1 a cabo los d\u00edas\u00a0<strong>17, 18, 19 y 20 de diciembre<\/strong>\u00a0en la Avenida Andaluc\u00eda, frente a El Corte Ingl\u00e9s.<\/p>\n<p id=\"paragraph_2\" class=\"paragraph\" data-mrf-recirculation=\"links-parrafos\">El horario de la unidad m\u00f3vil ser\u00e1 de\u00a0<strong>9:30 a 14:00 horas<\/strong>\u00a0y de\u00a0<strong>16:30 a 21:00 horas<\/strong>, para facilitar la participaci\u00f3n de todos los ciudadanos interesados en realizar este gesto altruista y solidario.<\/p>\n<p data-mrf-recirculation=\"links-parrafos\">Continua leyendo en <a href=\"https:\/\/www.elespanol.com\/malaga\/vivir\/20241216\/malaga-moviliza-campana-especial-donacion-sangre-navidad\/909159680_0.html\">El Espa\u00f1ol de M\u00e1laga<\/a><\/p>\n","protected":false},"excerpt":{"rendered":"<p>La Asociaci\u00f3n de Donantes de Sangre de M\u00e1laga \u201cLa Gota Roja\u201d y el Centro de Transfusi\u00f3n, Tejidos y C\u00e9lulas de<\/p>\n","protected":false},"author":15,"featured_media":9057,"comment_status":"open","ping_status":"open","sticky":false,"template":"","format":"standard","meta":{"_monsterinsights_skip_tracking":false,"_monsterinsights_sitenote_active":false,"_monsterinsights_sitenote_note":"","_monsterinsights_sitenote_category":0},"categories":[394],"tags":[],"yoast_head":"<!-- This site is optimized with the Yoast SEO plugin v17.2 - https:\/\/yoast.com\/wordpress\/plugins\/seo\/ -->\n<title>M\u00e1laga se moviliza: campa\u00f1a especial de donaci\u00f3n de sangre para Navidad - V\u00c9RTICE<\/title>\n<meta name=\"robots\" content=\"index, follow, max-snippet:-1, max-image-preview:large, max-video-preview:-1\" \/>\n<link rel=\"canonical\" href=\"https:\/\/grupovertice.com\/blog\/malaga-se-moviliza-campana-especial-de-donacion-de-sangre-para-navidad\/\" \/>\n<meta property=\"og:locale\" content=\"es_ES\" \/>\n<meta property=\"og:type\" content=\"article\" \/>\n<meta property=\"og:title\" content=\"M\u00e1laga se moviliza: campa\u00f1a especial de donaci\u00f3n de sangre para Navidad - V\u00c9RTICE\" \/>\n<meta property=\"og:description\" content=\"La Asociaci\u00f3n de Donantes de Sangre de M\u00e1laga \u201cLa Gota Roja\u201d y el Centro de Transfusi\u00f3n, Tejidos y C\u00e9lulas de\" \/>\n<meta property=\"og:url\" content=\"https:\/\/grupovertice.com\/blog\/malaga-se-moviliza-campana-especial-de-donacion-de-sangre-para-navidad\/\" \/>\n<meta property=\"og:site_name\" content=\"V\u00c9RTICE\" \/>\n<meta property=\"article:published_time\" content=\"2024-12-19T08:05:07+00:00\" \/>\n<meta property=\"og:image\" content=\"https:\/\/grupovertice.com\/blog\/wp-content\/uploads\/2024\/12\/Nota-de-Prensa-Donacion-de-Sangre.png\" \/>\n\t<meta property=\"og:image:width\" content=\"1200\" \/>\n\t<meta property=\"og:image:height\" content=\"667\" \/>\n<meta name=\"twitter:card\" content=\"summary\" \/>\n<meta name=\"twitter:label1\" content=\"Escrito por\" \/>\n\t<meta name=\"twitter:data1\" content=\"Laura D\u00edaz Gil\" \/>\n\t<meta name=\"twitter:label2\" content=\"Tiempo de lectura\" \/>\n\t<meta name=\"twitter:data2\" content=\"1 minuto\" \/>\n<script type=\"application\/ld+json\" class=\"yoast-schema-graph\">{\"@context\":\"https:\/\/schema.org\",\"@graph\":[{\"@type\":\"WebSite\",\"@id\":\"https:\/\/grupovertice.com\/blog\/#website\",\"url\":\"https:\/\/grupovertice.com\/blog\/\",\"name\":\"V\\u00c9RTICE\",\"description\":\"BLOG DE FORMACI\\u00d3N Y EMPLEO\",\"potentialAction\":[{\"@type\":\"SearchAction\",\"target\":{\"@type\":\"EntryPoint\",\"urlTemplate\":\"https:\/\/grupovertice.com\/blog\/?s={search_term_string}\"},\"query-input\":\"required name=search_term_string\"}],\"inLanguage\":\"es\"},{\"@type\":\"ImageObject\",\"@id\":\"https:\/\/grupovertice.com\/blog\/malaga-se-moviliza-campana-especial-de-donacion-de-sangre-para-navidad\/#primaryimage\",\"inLanguage\":\"es\",\"url\":\"https:\/\/grupovertice.com\/blog\/wp-content\/uploads\/2024\/12\/Nota-de-Prensa-Donacion-de-Sangre.png\",\"contentUrl\":\"https:\/\/grupovertice.com\/blog\/wp-content\/uploads\/2024\/12\/Nota-de-Prensa-Donacion-de-Sangre.png\",\"width\":1200,\"height\":667},{\"@type\":\"WebPage\",\"@id\":\"https:\/\/grupovertice.com\/blog\/malaga-se-moviliza-campana-especial-de-donacion-de-sangre-para-navidad\/#webpage\",\"url\":\"https:\/\/grupovertice.com\/blog\/malaga-se-moviliza-campana-especial-de-donacion-de-sangre-para-navidad\/\",\"name\":\"M\\u00e1laga se moviliza: campa\\u00f1a especial de donaci\\u00f3n de sangre para Navidad - V\\u00c9RTICE\",\"isPartOf\":{\"@id\":\"https:\/\/grupovertice.com\/blog\/#website\"},\"primaryImageOfPage\":{\"@id\":\"https:\/\/grupovertice.com\/blog\/malaga-se-moviliza-campana-especial-de-donacion-de-sangre-para-navidad\/#primaryimage\"},\"datePublished\":\"2024-12-19T08:05:07+00:00\",\"dateModified\":\"2024-12-19T08:05:07+00:00\",\"author\":{\"@id\":\"https:\/\/grupovertice.com\/blog\/#\/schema\/person\/408bb8845ac39e54984e74bc7384d8c5\"},\"breadcrumb\":{\"@id\":\"https:\/\/grupovertice.com\/blog\/malaga-se-moviliza-campana-especial-de-donacion-de-sangre-para-navidad\/#breadcrumb\"},\"inLanguage\":\"es\",\"potentialAction\":[{\"@type\":\"ReadAction\",\"target\":[\"https:\/\/grupovertice.com\/blog\/malaga-se-moviliza-campana-especial-de-donacion-de-sangre-para-navidad\/\"]}]},{\"@type\":\"BreadcrumbList\",\"@id\":\"https:\/\/grupovertice.com\/blog\/malaga-se-moviliza-campana-especial-de-donacion-de-sangre-para-navidad\/#breadcrumb\",\"itemListElement\":[{\"@type\":\"ListItem\",\"position\":1,\"name\":\"Portada\",\"item\":\"https:\/\/grupovertice.com\/blog\/\"},{\"@type\":\"ListItem\",\"position\":2,\"name\":\"M\\u00e1laga se moviliza: campa\\u00f1a especial de donaci\\u00f3n de sangre para Navidad\"}]},{\"@type\":\"Person\",\"@id\":\"https:\/\/grupovertice.com\/blog\/#\/schema\/person\/408bb8845ac39e54984e74bc7384d8c5\",\"name\":\"Laura D\\u00edaz Gil\",\"image\":{\"@type\":\"ImageObject\",\"@id\":\"https:\/\/grupovertice.com\/blog\/#personlogo\",\"inLanguage\":\"es\",\"url\":\"https:\/\/secure.gravatar.com\/avatar\/8b6284ccf1d9473c65bf0fd47926741d?s=96&d=mm&r=g\",\"contentUrl\":\"https:\/\/secure.gravatar.com\/avatar\/8b6284ccf1d9473c65bf0fd47926741d?s=96&d=mm&r=g\",\"caption\":\"Laura D\\u00edaz Gil\"},\"url\":\"https:\/\/grupovertice.com\/blog\/author\/ldiaz\/\"}]}<\/script>\n<!-- \/ Yoast SEO plugin. -->","yoast_head_json":{"title":"M\u00e1laga se moviliza: campa\u00f1a especial de donaci\u00f3n de sangre para Navidad - V\u00c9RTICE","robots":{"index":"index","follow":"follow","max-snippet":"max-snippet:-1","max-image-preview":"max-image-preview:large","max-video-preview":"max-video-preview:-1"},"canonical":"https:\/\/grupovertice.com\/blog\/malaga-se-moviliza-campana-especial-de-donacion-de-sangre-para-navidad\/","og_locale":"es_ES","og_type":"article","og_title":"M\u00e1laga se moviliza: campa\u00f1a especial de donaci\u00f3n de sangre para Navidad - V\u00c9RTICE","og_description":"La Asociaci\u00f3n de Donantes de Sangre de M\u00e1laga \u201cLa Gota Roja\u201d y el Centro de Transfusi\u00f3n, Tejidos y C\u00e9lulas de","og_url":"https:\/\/grupovertice.com\/blog\/malaga-se-moviliza-campana-especial-de-donacion-de-sangre-para-navidad\/","og_site_name":"V\u00c9RTICE","article_published_time":"2024-12-19T08:05:07+00:00","og_image":[{"width":1200,"height":667,"url":"https:\/\/grupovertice.com\/blog\/wp-content\/uploads\/2024\/12\/Nota-de-Prensa-Donacion-de-Sangre.png","path":"\/home\/gvertice\/public_html\/blog\/wp-content\/uploads\/2024\/12\/Nota-de-Prensa-Donacion-de-Sangre.png","size":"full","id":9057,"alt":"","pixels":800400,"type":"image\/png"}],"twitter_card":"summary","twitter_misc":{"Escrito por":"Laura D\u00edaz Gil","Tiempo de lectura":"1 minuto"},"schema":{"@context":"https:\/\/schema.org","@graph":[{"@type":"WebSite","@id":"https:\/\/grupovertice.com\/blog\/#website","url":"https:\/\/grupovertice.com\/blog\/","name":"V\u00c9RTICE","description":"BLOG DE FORMACI\u00d3N Y EMPLEO","potentialAction":[{"@type":"SearchAction","target":{"@type":"EntryPoint","urlTemplate":"https:\/\/grupovertice.com\/blog\/?s={search_term_string}"},"query-input":"required name=search_term_string"}],"inLanguage":"es"},{"@type":"ImageObject","@id":"https:\/\/grupovertice.com\/blog\/malaga-se-moviliza-campana-especial-de-donacion-de-sangre-para-navidad\/#primaryimage","inLanguage":"es","url":"https:\/\/grupovertice.com\/blog\/wp-content\/uploads\/2024\/12\/Nota-de-Prensa-Donacion-de-Sangre.png","contentUrl":"https:\/\/grupovertice.com\/blog\/wp-content\/uploads\/2024\/12\/Nota-de-Prensa-Donacion-de-Sangre.png","width":1200,"height":667},{"@type":"WebPage","@id":"https:\/\/grupovertice.com\/blog\/malaga-se-moviliza-campana-especial-de-donacion-de-sangre-para-navidad\/#webpage","url":"https:\/\/grupovertice.com\/blog\/malaga-se-moviliza-campana-especial-de-donacion-de-sangre-para-navidad\/","name":"M\u00e1laga se moviliza: campa\u00f1a especial de donaci\u00f3n de sangre para Navidad - V\u00c9RTICE","isPartOf":{"@id":"https:\/\/grupovertice.com\/blog\/#website"},"primaryImageOfPage":{"@id":"https:\/\/grupovertice.com\/blog\/malaga-se-moviliza-campana-especial-de-donacion-de-sangre-para-navidad\/#primaryimage"},"datePublished":"2024-12-19T08:05:07+00:00","dateModified":"2024-12-19T08:05:07+00:00","author":{"@id":"https:\/\/grupovertice.com\/blog\/#\/schema\/person\/408bb8845ac39e54984e74bc7384d8c5"},"breadcrumb":{"@id":"https:\/\/grupovertice.com\/blog\/malaga-se-moviliza-campana-especial-de-donacion-de-sangre-para-navidad\/#breadcrumb"},"inLanguage":"es","potentialAction":[{"@type":"ReadAction","target":["https:\/\/grupovertice.com\/blog\/malaga-se-moviliza-campana-especial-de-donacion-de-sangre-para-navidad\/"]}]},{"@type":"BreadcrumbList","@id":"https:\/\/grupovertice.com\/blog\/malaga-se-moviliza-campana-especial-de-donacion-de-sangre-para-navidad\/#breadcrumb","itemListElement":[{"@type":"ListItem","position":1,"name":"Portada","item":"https:\/\/grupovertice.com\/blog\/"},{"@type":"ListItem","position":2,"name":"M\u00e1laga se moviliza: campa\u00f1a especial de donaci\u00f3n de sangre para Navidad"}]},{"@type":"Person","@id":"https:\/\/grupovertice.com\/blog\/#\/schema\/person\/408bb8845ac39e54984e74bc7384d8c5","name":"Laura D\u00edaz Gil","image":{"@type":"ImageObject","@id":"https:\/\/grupovertice.com\/blog\/#personlogo","inLanguage":"es","url":"https:\/\/secure.gravatar.com\/avatar\/8b6284ccf1d9473c65bf0fd47926741d?s=96&d=mm&r=g","contentUrl":"https:\/\/secure.gravatar.com\/avatar\/8b6284ccf1d9473c65bf0fd47926741d?s=96&d=mm&r=g","caption":"Laura D\u00edaz Gil"},"url":"https:\/\/grupovertice.com\/blog\/author\/ldiaz\/"}]}},"fimg_url":"https:\/\/grupovertice.com\/blog\/wp-content\/uploads\/2024\/12\/Nota-de-Prensa-Donacion-de-Sangre.png","categories_names":["Sala de Prensa"],"medio":"<a href=\"https:\/\/www.elespanol.com\/malaga\/vivir\/20241216\/malaga-moviliza-campana-especial-donacion-sangre-navidad\/909159680_0.html\" target=\"_blank\">El Espa\u00f1ol de M\u00e1laga<\/a>","clean-title":true,"_links":{"self":[{"href":"https:\/\/grupovertice.com\/blog\/wp-json\/wp\/v2\/posts\/9056"}],"collection":[{"href":"https:\/\/grupovertice.com\/blog\/wp-json\/wp\/v2\/posts"}],"about":[{"href":"https:\/\/grupovertice.com\/blog\/wp-json\/wp\/v2\/types\/post"}],"author":[{"embeddable":true,"href":"https:\/\/grupovertice.com\/blog\/wp-json\/wp\/v2\/users\/15"}],"replies":[{"embeddable":true,"href":"https:\/\/grupovertice.com\/blog\/wp-json\/wp\/v2\/comments?post=9056"}],"version-history":[{"count":1,"href":"https:\/\/grupovertice.com\/blog\/wp-json\/wp\/v2\/posts\/9056\/revisions"}],"predecessor-version":[{"id":9059,"href":"https:\/\/grupovertice.com\/blog\/wp-json\/wp\/v2\/posts\/9056\/revisions\/9059"}],"wp:featuredmedia":[{"embeddable":true,"href":"https:\/\/grupovertice.com\/blog\/wp-json\/wp\/v2\/media\/9057"}],"wp:attachment":[{"href":"https:\/\/grupovertice.com\/blog\/wp-json\/wp\/v2\/media?parent=9056"}],"wp:term":[{"taxonomy":"category","embeddable":true,"href":"https:\/\/grupovertice.com\/blog\/wp-json\/wp\/v2\/categories?post=9056"},{"taxonomy":"post_tag","embeddable":true,"href":"https:\/\/grupovertice.com\/blog\/wp-json\/wp\/v2\/tags?post=9056"}],"curies":[{"name":"wp","href":"https:\/\/api.w.org\/{rel}","templated":true}]}}