{"id":8984,"date":"2024-09-24T13:07:13","date_gmt":"2024-09-24T13:07:13","guid":{"rendered":"https:\/\/grupovertice.com\/blog\/?p=8984"},"modified":"2024-09-24T13:08:14","modified_gmt":"2024-09-24T13:08:14","slug":"mantener-alineacion-en-tu-estrategia-de-aprendizaje","status":"publish","type":"post","link":"https:\/\/grupovertice.com\/blog\/mantener-alineacion-en-tu-estrategia-de-aprendizaje\/","title":{"rendered":"C\u00f3mo mantener la alineaci\u00f3n en tu estrategia de aprendizaje"},"content":{"rendered":"<p>Mantener la<strong> alineaci\u00f3n de la formaci\u00f3n<\/strong> con los objetivos empresariales no es un <strong>proceso<\/strong> est\u00e1tico, sino <strong>continuo<\/strong>. Las empresas evolucionan, los mercados cambian y las <strong>competencias requeridas se renuevan<\/strong> constantemente, como ve\u00edamos en <strong><a href=\"https:\/\/grupovertice.com\/blog\/el-60-de-los-trabajadores-debera-actualizar-sus-habilidades\/\">este post, <\/a><\/strong>el <strong>60% de los trabajadores<\/strong> deber\u00e1n actualizar sus habilidades. Por ello, es crucial<strong> implementar estrategias<\/strong> que garanticen que la<strong> formaci\u00f3n avance<\/strong> de la mano de las necesidades del negocio. Aqu\u00ed te compartimos algunas claves para <strong>mantener esta alineaci\u00f3n en el tiempo:<\/strong><\/p>\n<h6><strong>Revisi\u00f3n peri\u00f3dica de objetivos<\/strong><\/h6>\n<p>Es fundamental realizar una<strong> evaluaci\u00f3n peri\u00f3dica<\/strong> de los objetivos empresariales y las <strong>necesidades de formaci\u00f3n.<\/strong> Esto permite <strong>ajustar<\/strong> los <strong>programas formativos<\/strong> para que reflejen los <strong>nuevos desaf\u00edos<\/strong> del mercado y las metas de la organizaci\u00f3n. Revisar estos puntos cada<strong> seis meses o anualmente<\/strong> asegurar\u00e1 que la formaci\u00f3n siga siendo relevante.<\/p>\n<h6><strong>Comunicaci\u00f3n constante entre l\u00edderes y equipos de formaci\u00f3n<\/strong><\/h6>\n<p>Una <strong>comunicaci\u00f3n fluida<\/strong> entre los <strong>l\u00edderes<\/strong> de la empresa y los <strong>responsables<\/strong> de formaci\u00f3n es clave. Los l\u00edderes deben<strong> informar a los equipos<\/strong> de formaci\u00f3n sobre cambios estrat\u00e9gicos o <strong>nuevas metas<\/strong> comerciales, para que los <strong>programas<\/strong> puedan <strong>ajustarse<\/strong> en consecuencia. Sin esta interacci\u00f3n, la formaci\u00f3n corre el riesgo de <strong>desactualizarse<\/strong>.<\/p>\n<h6><strong>Incorporaci\u00f3n de nuevas tecnolog\u00edas y m\u00e9todos de aprendizaje<\/strong><\/h6>\n<p>Mant\u00e9n la formaci\u00f3n de tus colaboradores <strong>actualizada<\/strong>\u00a0con la<strong>s \u00faltimas tendencias<\/strong> y con formaciones para todo tipo de<strong> modelo de aprendizajes.<\/strong> Es la mejor manera de asegurar la eficacia de tu formaci\u00f3n.<\/p>\n<h6><strong>Feedback y evaluaci\u00f3n continua<\/strong><\/h6>\n<p>Implementar un <strong>sistema de evaluaci\u00f3n y retroalimentaci\u00f3n<\/strong> constante es clave para<strong> identificar posibles \u00e1reas de mejora.<\/strong> Mediante encuestas, reuniones peri\u00f3dicas y an\u00e1lisis de desempe\u00f1o, se puede obtener informaci\u00f3n valiosa sobre la <strong>efectividad<\/strong> de la formaci\u00f3n, permitiendo realizar <strong>ajustes oportunos.<\/strong><\/p>\n<h3>C\u00f3mo identificar si tu estrategia est\u00e1 desalineada<\/h3>\n<p>Detectar si tu estrategia de formaci\u00f3n est\u00e1 desalineada puede<strong> prevenir grandes p\u00e9rdidas de tiempo y recursos.<\/strong> La desalineaci\u00f3n se produce cuando los programas de formaci\u00f3n no <strong>reflejan las necesidades reales<\/strong> de la organizaci\u00f3n, lo que puede llevar a<strong> bajo rendimiento y desmotivaci\u00f3n.<\/strong> Aqu\u00ed te comparto algunas se\u00f1ales de alerta y c\u00f3mo corregir la situaci\u00f3n:<\/p>\n<h5><strong>Se\u00f1ales de alerta que indican desalineaci\u00f3n<\/strong><\/h5>\n<ul>\n<li><strong>Falta de mejora en el desempe\u00f1o:<\/strong> Si, tras la formaci\u00f3n, no ves un <strong>incremento en la productividad<\/strong> o un <strong>cambio positivo<\/strong> en las habilidades de los empleados, puede ser un indicio de que los contenidos<strong> no est\u00e1n alineados<\/strong> con las necesidades reales del negocio.<\/li>\n<li><strong>Desmotivaci\u00f3n y baja participaci\u00f3n:<\/strong> Los empleados que sienten que la formaci\u00f3n no se aplica a su trabajo suelen mostrar<strong> desinter\u00e9s.<\/strong> Si notas<strong> baja asistencia o participaci\u00f3n<\/strong> en los cursos, esto podr\u00eda significar que el programa formativo no est\u00e1 cubriendo las<strong> \u00e1reas importantes<\/strong> para ellos.<\/li>\n<li><strong>Diferencia entre objetivos de negocio y competencias adquiridas:<\/strong> Cuando los empleados completan la formaci\u00f3n pero no son capaces de <strong>cumplir con los objetivos de la empresa,<\/strong> es una clara se\u00f1al de desalineaci\u00f3n. Esto refleja que <strong>la formaci\u00f3n no est\u00e1 desarrollando las habilidades clave<\/strong> requeridas para alcanzar las metas comerciales.<\/li>\n<\/ul>\n<h5><strong>Pasos inmediatos para corregir la desalineaci\u00f3n<\/strong><\/h5>\n<ul>\n<li><strong>Realiza un an\u00e1lisis de brechas:<\/strong> Identifica las <strong>habilidades necesarias<\/strong> para alcanzar los objetivos de la empresa y compara esto con las <strong>competencias actuales<\/strong> del equipo. Esto te ayudar\u00e1 a <strong>identificar las \u00e1reas<\/strong> que necesitan refuerzo en la formaci\u00f3n.<\/li>\n<li><strong>Redise\u00f1a el contenido formativo:<\/strong> Una vez que identifiques las brechas, <strong>ajusta los programas de formaci\u00f3n<\/strong> para que reflejen mejor las habilidades y conocimientos que el personal necesita desarrollar.<\/li>\n<li><strong>Involucra a los empleados:<\/strong> Consulta a los empleados sobre los <strong>desaf\u00edos que enfrentan en su trabajo diario<\/strong> y aseg\u00farate de que la formaci\u00f3n ofrezca soluciones concretas a estos problemas.<\/li>\n<li><strong>Establece KPIs de formaci\u00f3n claros:<\/strong> Implementa<strong> indicadores clave de rendimiento (KPIs)<\/strong> que midan la <strong>efectividad<\/strong> de la formaci\u00f3n y aseguren que est\u00e9 alineada con los objetivos empresariales. Haz <strong>ajustes<\/strong> en base a los resultados obtenidos.<\/li>\n<\/ul>\n<p><strong>No pierdas de vista las necesidades de tu equipo y los objetivos empresariales. <\/strong>Aunque parece sencillo conseguirlo, requiere mucho tiempo y dedicaci\u00f3n. <strong>Si se te dificulta<\/strong>\u00a0establecer objetivos, llevar a la acci\u00f3n el plan o incluso realizar el seguimiento, recuerda que\u00a0<strong>nuestros expertos te ayudar\u00e1n y se encargar\u00e1n de todo el proceso.<\/strong>\u00a0<a class=\"article-editor-content__link article-editor-content__link\" href=\"https:\/\/formacioncorporativa.carrd.co\/?origen=blog\" rel=\"noopener noreferrer\">Contacta con ellos<\/a>\u00a0y empieza el a\u00f1o llevando tu formaci\u00f3n al siguiente nivel.<\/p>\n","protected":false},"excerpt":{"rendered":"<p>Mantener la alineaci\u00f3n de la formaci\u00f3n con los objetivos empresariales no es un proceso est\u00e1tico, sino continuo. Las empresas evolucionan,<\/p>\n","protected":false},"author":15,"featured_media":8990,"comment_status":"open","ping_status":"open","sticky":false,"template":"","format":"standard","meta":{"_monsterinsights_skip_tracking":false,"_monsterinsights_sitenote_active":false,"_monsterinsights_sitenote_note":"","_monsterinsights_sitenote_category":0},"categories":[4],"tags":[],"yoast_head":"<!-- This site is optimized with the Yoast SEO plugin v17.2 - https:\/\/yoast.com\/wordpress\/plugins\/seo\/ -->\n<title>C\u00f3mo mantener la alineaci\u00f3n en tu estrategia de aprendizaje - V\u00c9RTICE<\/title>\n<meta name=\"description\" content=\"Aprende a mantener la alineaci\u00f3n en tu estrategia de aprendizaje para mejorar la efectividad de la formaci\u00f3n de tus colaboradores.\" \/>\n<meta name=\"robots\" content=\"index, follow, max-snippet:-1, max-image-preview:large, max-video-preview:-1\" \/>\n<link rel=\"canonical\" href=\"https:\/\/grupovertice.com\/blog\/mantener-alineacion-en-tu-estrategia-de-aprendizaje\/\" \/>\n<meta property=\"og:locale\" content=\"es_ES\" \/>\n<meta property=\"og:type\" content=\"article\" \/>\n<meta property=\"og:title\" content=\"C\u00f3mo mantener la alineaci\u00f3n en tu estrategia de aprendizaje - V\u00c9RTICE\" \/>\n<meta property=\"og:description\" content=\"Aprende a mantener la alineaci\u00f3n en tu estrategia de aprendizaje para mejorar la efectividad de la formaci\u00f3n de tus colaboradores.\" \/>\n<meta property=\"og:url\" content=\"https:\/\/grupovertice.com\/blog\/mantener-alineacion-en-tu-estrategia-de-aprendizaje\/\" \/>\n<meta property=\"og:site_name\" content=\"V\u00c9RTICE\" \/>\n<meta property=\"article:published_time\" content=\"2024-09-24T13:07:13+00:00\" \/>\n<meta property=\"article:modified_time\" content=\"2024-09-24T13:08:14+00:00\" \/>\n<meta property=\"og:image\" content=\"https:\/\/grupovertice.com\/blog\/wp-content\/uploads\/2024\/09\/Banner-Blog07.jpg\" \/>\n\t<meta property=\"og:image:width\" content=\"1200\" \/>\n\t<meta property=\"og:image:height\" content=\"667\" \/>\n<meta name=\"twitter:card\" content=\"summary\" \/>\n<meta name=\"twitter:label1\" content=\"Escrito por\" \/>\n\t<meta name=\"twitter:data1\" content=\"Laura D\u00edaz Gil\" \/>\n\t<meta name=\"twitter:label2\" content=\"Tiempo de lectura\" \/>\n\t<meta name=\"twitter:data2\" content=\"3 minutos\" \/>\n<script type=\"application\/ld+json\" class=\"yoast-schema-graph\">{\"@context\":\"https:\/\/schema.org\",\"@graph\":[{\"@type\":\"WebSite\",\"@id\":\"https:\/\/grupovertice.com\/blog\/#website\",\"url\":\"https:\/\/grupovertice.com\/blog\/\",\"name\":\"V\\u00c9RTICE\",\"description\":\"BLOG DE FORMACI\\u00d3N Y EMPLEO\",\"potentialAction\":[{\"@type\":\"SearchAction\",\"target\":{\"@type\":\"EntryPoint\",\"urlTemplate\":\"https:\/\/grupovertice.com\/blog\/?s={search_term_string}\"},\"query-input\":\"required name=search_term_string\"}],\"inLanguage\":\"es\"},{\"@type\":\"ImageObject\",\"@id\":\"https:\/\/grupovertice.com\/blog\/mantener-alineacion-en-tu-estrategia-de-aprendizaje\/#primaryimage\",\"inLanguage\":\"es\",\"url\":\"https:\/\/grupovertice.com\/blog\/wp-content\/uploads\/2024\/09\/Banner-Blog07.jpg\",\"contentUrl\":\"https:\/\/grupovertice.com\/blog\/wp-content\/uploads\/2024\/09\/Banner-Blog07.jpg\",\"width\":1200,\"height\":667,\"caption\":\"Alineaci\\u00f3n estrategia de aprendizaje\"},{\"@type\":\"WebPage\",\"@id\":\"https:\/\/grupovertice.com\/blog\/mantener-alineacion-en-tu-estrategia-de-aprendizaje\/#webpage\",\"url\":\"https:\/\/grupovertice.com\/blog\/mantener-alineacion-en-tu-estrategia-de-aprendizaje\/\",\"name\":\"C\\u00f3mo mantener la alineaci\\u00f3n en tu estrategia de aprendizaje - V\\u00c9RTICE\",\"isPartOf\":{\"@id\":\"https:\/\/grupovertice.com\/blog\/#website\"},\"primaryImageOfPage\":{\"@id\":\"https:\/\/grupovertice.com\/blog\/mantener-alineacion-en-tu-estrategia-de-aprendizaje\/#primaryimage\"},\"datePublished\":\"2024-09-24T13:07:13+00:00\",\"dateModified\":\"2024-09-24T13:08:14+00:00\",\"author\":{\"@id\":\"https:\/\/grupovertice.com\/blog\/#\/schema\/person\/408bb8845ac39e54984e74bc7384d8c5\"},\"description\":\"Aprende a mantener la alineaci\\u00f3n en tu estrategia de aprendizaje para mejorar la efectividad de la formaci\\u00f3n de tus colaboradores.\",\"breadcrumb\":{\"@id\":\"https:\/\/grupovertice.com\/blog\/mantener-alineacion-en-tu-estrategia-de-aprendizaje\/#breadcrumb\"},\"inLanguage\":\"es\",\"potentialAction\":[{\"@type\":\"ReadAction\",\"target\":[\"https:\/\/grupovertice.com\/blog\/mantener-alineacion-en-tu-estrategia-de-aprendizaje\/\"]}]},{\"@type\":\"BreadcrumbList\",\"@id\":\"https:\/\/grupovertice.com\/blog\/mantener-alineacion-en-tu-estrategia-de-aprendizaje\/#breadcrumb\",\"itemListElement\":[{\"@type\":\"ListItem\",\"position\":1,\"name\":\"Portada\",\"item\":\"https:\/\/grupovertice.com\/blog\/\"},{\"@type\":\"ListItem\",\"position\":2,\"name\":\"C\\u00f3mo mantener la alineaci\\u00f3n en tu estrategia de aprendizaje\"}]},{\"@type\":\"Person\",\"@id\":\"https:\/\/grupovertice.com\/blog\/#\/schema\/person\/408bb8845ac39e54984e74bc7384d8c5\",\"name\":\"Laura D\\u00edaz Gil\",\"image\":{\"@type\":\"ImageObject\",\"@id\":\"https:\/\/grupovertice.com\/blog\/#personlogo\",\"inLanguage\":\"es\",\"url\":\"https:\/\/secure.gravatar.com\/avatar\/8b6284ccf1d9473c65bf0fd47926741d?s=96&d=mm&r=g\",\"contentUrl\":\"https:\/\/secure.gravatar.com\/avatar\/8b6284ccf1d9473c65bf0fd47926741d?s=96&d=mm&r=g\",\"caption\":\"Laura D\\u00edaz Gil\"},\"url\":\"https:\/\/grupovertice.com\/blog\/author\/ldiaz\/\"}]}<\/script>\n<!-- \/ Yoast SEO plugin. -->","yoast_head_json":{"title":"C\u00f3mo mantener la alineaci\u00f3n en tu estrategia de aprendizaje - V\u00c9RTICE","description":"Aprende a mantener la alineaci\u00f3n en tu estrategia de aprendizaje para mejorar la efectividad de la formaci\u00f3n de tus colaboradores.","robots":{"index":"index","follow":"follow","max-snippet":"max-snippet:-1","max-image-preview":"max-image-preview:large","max-video-preview":"max-video-preview:-1"},"canonical":"https:\/\/grupovertice.com\/blog\/mantener-alineacion-en-tu-estrategia-de-aprendizaje\/","og_locale":"es_ES","og_type":"article","og_title":"C\u00f3mo mantener la alineaci\u00f3n en tu estrategia de aprendizaje - V\u00c9RTICE","og_description":"Aprende a mantener la alineaci\u00f3n en tu estrategia de aprendizaje para mejorar la efectividad de la formaci\u00f3n de tus colaboradores.","og_url":"https:\/\/grupovertice.com\/blog\/mantener-alineacion-en-tu-estrategia-de-aprendizaje\/","og_site_name":"V\u00c9RTICE","article_published_time":"2024-09-24T13:07:13+00:00","article_modified_time":"2024-09-24T13:08:14+00:00","og_image":[{"width":1200,"height":667,"url":"https:\/\/grupovertice.com\/blog\/wp-content\/uploads\/2024\/09\/Banner-Blog07.jpg","path":"\/home\/gvertice\/public_html\/blog\/wp-content\/uploads\/2024\/09\/Banner-Blog07.jpg","size":"full","id":8990,"alt":"Alineaci\u00f3n estrategia de aprendizaje","pixels":800400,"type":"image\/jpeg"}],"twitter_card":"summary","twitter_misc":{"Escrito por":"Laura D\u00edaz Gil","Tiempo de lectura":"3 minutos"},"schema":{"@context":"https:\/\/schema.org","@graph":[{"@type":"WebSite","@id":"https:\/\/grupovertice.com\/blog\/#website","url":"https:\/\/grupovertice.com\/blog\/","name":"V\u00c9RTICE","description":"BLOG DE FORMACI\u00d3N Y EMPLEO","potentialAction":[{"@type":"SearchAction","target":{"@type":"EntryPoint","urlTemplate":"https:\/\/grupovertice.com\/blog\/?s={search_term_string}"},"query-input":"required name=search_term_string"}],"inLanguage":"es"},{"@type":"ImageObject","@id":"https:\/\/grupovertice.com\/blog\/mantener-alineacion-en-tu-estrategia-de-aprendizaje\/#primaryimage","inLanguage":"es","url":"https:\/\/grupovertice.com\/blog\/wp-content\/uploads\/2024\/09\/Banner-Blog07.jpg","contentUrl":"https:\/\/grupovertice.com\/blog\/wp-content\/uploads\/2024\/09\/Banner-Blog07.jpg","width":1200,"height":667,"caption":"Alineaci\u00f3n estrategia de aprendizaje"},{"@type":"WebPage","@id":"https:\/\/grupovertice.com\/blog\/mantener-alineacion-en-tu-estrategia-de-aprendizaje\/#webpage","url":"https:\/\/grupovertice.com\/blog\/mantener-alineacion-en-tu-estrategia-de-aprendizaje\/","name":"C\u00f3mo mantener la alineaci\u00f3n en tu estrategia de aprendizaje - V\u00c9RTICE","isPartOf":{"@id":"https:\/\/grupovertice.com\/blog\/#website"},"primaryImageOfPage":{"@id":"https:\/\/grupovertice.com\/blog\/mantener-alineacion-en-tu-estrategia-de-aprendizaje\/#primaryimage"},"datePublished":"2024-09-24T13:07:13+00:00","dateModified":"2024-09-24T13:08:14+00:00","author":{"@id":"https:\/\/grupovertice.com\/blog\/#\/schema\/person\/408bb8845ac39e54984e74bc7384d8c5"},"description":"Aprende a mantener la alineaci\u00f3n en tu estrategia de aprendizaje para mejorar la efectividad de la formaci\u00f3n de tus colaboradores.","breadcrumb":{"@id":"https:\/\/grupovertice.com\/blog\/mantener-alineacion-en-tu-estrategia-de-aprendizaje\/#breadcrumb"},"inLanguage":"es","potentialAction":[{"@type":"ReadAction","target":["https:\/\/grupovertice.com\/blog\/mantener-alineacion-en-tu-estrategia-de-aprendizaje\/"]}]},{"@type":"BreadcrumbList","@id":"https:\/\/grupovertice.com\/blog\/mantener-alineacion-en-tu-estrategia-de-aprendizaje\/#breadcrumb","itemListElement":[{"@type":"ListItem","position":1,"name":"Portada","item":"https:\/\/grupovertice.com\/blog\/"},{"@type":"ListItem","position":2,"name":"C\u00f3mo mantener la alineaci\u00f3n en tu estrategia de aprendizaje"}]},{"@type":"Person","@id":"https:\/\/grupovertice.com\/blog\/#\/schema\/person\/408bb8845ac39e54984e74bc7384d8c5","name":"Laura D\u00edaz Gil","image":{"@type":"ImageObject","@id":"https:\/\/grupovertice.com\/blog\/#personlogo","inLanguage":"es","url":"https:\/\/secure.gravatar.com\/avatar\/8b6284ccf1d9473c65bf0fd47926741d?s=96&d=mm&r=g","contentUrl":"https:\/\/secure.gravatar.com\/avatar\/8b6284ccf1d9473c65bf0fd47926741d?s=96&d=mm&r=g","caption":"Laura D\u00edaz Gil"},"url":"https:\/\/grupovertice.com\/blog\/author\/ldiaz\/"}]}},"fimg_url":"https:\/\/grupovertice.com\/blog\/wp-content\/uploads\/2024\/09\/Banner-Blog07.jpg","categories_names":["eLearning"],"medio":"","clean-title":true,"_links":{"self":[{"href":"https:\/\/grupovertice.com\/blog\/wp-json\/wp\/v2\/posts\/8984"}],"collection":[{"href":"https:\/\/grupovertice.com\/blog\/wp-json\/wp\/v2\/posts"}],"about":[{"href":"https:\/\/grupovertice.com\/blog\/wp-json\/wp\/v2\/types\/post"}],"author":[{"embeddable":true,"href":"https:\/\/grupovertice.com\/blog\/wp-json\/wp\/v2\/users\/15"}],"replies":[{"embeddable":true,"href":"https:\/\/grupovertice.com\/blog\/wp-json\/wp\/v2\/comments?post=8984"}],"version-history":[{"count":8,"href":"https:\/\/grupovertice.com\/blog\/wp-json\/wp\/v2\/posts\/8984\/revisions"}],"predecessor-version":[{"id":8994,"href":"https:\/\/grupovertice.com\/blog\/wp-json\/wp\/v2\/posts\/8984\/revisions\/8994"}],"wp:featuredmedia":[{"embeddable":true,"href":"https:\/\/grupovertice.com\/blog\/wp-json\/wp\/v2\/media\/8990"}],"wp:attachment":[{"href":"https:\/\/grupovertice.com\/blog\/wp-json\/wp\/v2\/media?parent=8984"}],"wp:term":[{"taxonomy":"category","embeddable":true,"href":"https:\/\/grupovertice.com\/blog\/wp-json\/wp\/v2\/categories?post=8984"},{"taxonomy":"post_tag","embeddable":true,"href":"https:\/\/grupovertice.com\/blog\/wp-json\/wp\/v2\/tags?post=8984"}],"curies":[{"name":"wp","href":"https:\/\/api.w.org\/{rel}","templated":true}]}}