{"id":8976,"date":"2024-09-11T06:47:11","date_gmt":"2024-09-11T06:47:11","guid":{"rendered":"https:\/\/grupovertice.com\/blog\/?p=8976"},"modified":"2024-09-11T06:47:11","modified_gmt":"2024-09-11T06:47:11","slug":"planificacion-de-formacion-otono-2024","status":"publish","type":"post","link":"https:\/\/grupovertice.com\/blog\/planificacion-de-formacion-otono-2024\/","title":{"rendered":"Planificaci\u00f3n de Formaci\u00f3n para Oto\u00f1o 2024"},"content":{"rendered":"<p>Planificaci\u00f3n de Formaci\u00f3n para Oto\u00f1o 2024: Claves para el \u00c9xito en el Desarrollo Profesional<\/p>\n<p>El <strong>oto\u00f1o de 2024<\/strong> est\u00e1 a la vuelta de la esquina, y con \u00e9l llega una excelente oportunidad para <strong>actualizar habilidades<\/strong> y prepararse para los desaf\u00edos del mercado laboral. Tanto para <strong>profesionales individuales<\/strong> como para <strong>empresas<\/strong> que buscan <strong>capacitar a sus empleados<\/strong>, una planificaci\u00f3n estrat\u00e9gica de la formaci\u00f3n es esencial para <strong>maximizar el aprendizaje<\/strong> y adaptarse a las nuevas tendencias. El momento perfecto para formar a tu equipo, ya que\u00a0<a href=\"https:\/\/grupovertice.com\/blog\/el-60-de-los-trabajadores-debera-actualizar-sus-habilidades\/\"> 6 de cada 10 trabajadores<\/a> necesitan actualizar sus habilidades.<\/p>\n<p>En este art\u00edculo, exploramos c\u00f3mo estructurar la <strong>planificaci\u00f3n de la formaci\u00f3n para oto\u00f1o de 2024<\/strong>, enfoc\u00e1ndonos en la evoluci\u00f3n de las demandas del mercado, las nuevas tecnolog\u00edas y las expectativas de <strong>desarrollo profesional.<\/strong> A continuaci\u00f3n, te presentamos los aspectos clave para planificar un ciclo formativo exitoso.<\/p>\n<h3>1. Identificar las Habilidades Clave para el 2024<\/h3>\n<p>Antes de comenzar cualquier proceso de planificaci\u00f3n formativa, es esencial identificar **qu\u00e9 habilidades ser\u00e1n necesarias** para estar al d\u00eda con las demandas del mercado laboral. El avance tecnol\u00f3gico, la automatizaci\u00f3n y el enfoque en la sostenibilidad son solo algunas de las \u00e1reas en las que las competencias actuales deben evolucionar.<\/p>\n<h4>\u00c1reas clave a considerar.<\/h4>\n<p>&#8211; <strong>Tecnolog\u00eda y digitalizaci\u00f3n:<\/strong> Las habilidades relacionadas con la inteligencia artificial, ciberseguridad y an\u00e1lisis de datos siguen en crecimiento.<\/p>\n<p>&#8211; <strong>Sostenibilidad y responsabilidad social:<\/strong> Muchas empresas buscan desarrollar competencias en sostenibilidad y gesti\u00f3n medioambiental.<\/p>\n<p>&#8211; <strong>Habilidades blandas:<\/strong> Capacidades como la inteligencia emocional, la gesti\u00f3n del cambio y el liderazgo siguen siendo fundamentales en un entorno laboral cada vez m\u00e1s automatizado.<\/p>\n<h4>\u00a0Acciones recomendadas.<\/h4>\n<p>&#8211; Realiza un <strong>an\u00e1lisis de tus habilidades actuales<\/strong>\u00a0o de tu equipo para detectar brechas y \u00e1reas que necesitan refuerzo.<\/p>\n<p>&#8211; Mantente informado de las tendencias de la industria, mediante publicaciones, conferencias o redes profesionales, para identificar los sectores de crecimiento y demanda.<\/p>\n<h3>\u00a02. Elegir el Formato de Aprendizaje Adecuado<\/h3>\n<p>Una vez que se han identificado las necesidades de formaci\u00f3n, el siguiente paso es seleccionar el **formato de aprendizaje** que mejor se adapte a tu estilo de vida o a las din\u00e1micas de tu empresa. La formaci\u00f3n hoy en d\u00eda es m\u00e1s flexible que nunca, y las opciones var\u00edan desde cursos presenciales hasta completos programas de eLearning.<\/p>\n<h4>Opciones a considerar.<\/h4>\n<p>&#8211; <strong>Online<\/strong>: Plataformas de aprendizaje digital que ofrecen flexibilidad de tiempo y acceso desde cualquier lugar.<br \/>\n&#8211; <strong>H\u00edbrido<\/strong>: Una combinaci\u00f3n de sesiones presenciales y online, ideal para quienes buscan la interacci\u00f3n personal y la flexibilidad tecnol\u00f3gica.<br \/>\n&#8211; <strong>Cursos intensivos o de microlearning:<\/strong> Cursos breves y enfocados en habilidades espec\u00edficas, perfectos para quienes disponen de poco tiempo.<\/p>\n<h3>Acciones recomendadas:<\/h3>\n<p>&#8211; Eval\u00faa tu <strong>disponibilidad de tiempo<\/strong>\u00a0y tus preferencias personales o empresariales para optar por el formato que mejor se ajuste a tus necesidades.<br \/>\n&#8211; Investiga <strong>plataformas de aprendizaje<\/strong> que ofrezcan certificaciones reconocidas en tu industria o sector.<\/p>\n<h3>\u00a03. Establecer un Calendario de Formaci\u00f3n Realista<\/h3>\n<p>Para maximizar el aprendizaje y aprovechar las oportunidades formativas de oto\u00f1o, es fundamental establecer un **calendario realista** que se ajuste a tus metas y responsabilidades. La organizaci\u00f3n efectiva de los tiempos de estudio y capacitaci\u00f3n es clave para no sentirte abrumado o perder el inter\u00e9s en los programas formativos.<\/p>\n<h4>Consideraciones clave.<\/h4>\n<p>&#8211; <strong>Planificaci\u00f3n anticipada<\/strong>: Al organizar los cursos o programas con tiempo, se maximiza la posibilidad de completar exitosamente la formaci\u00f3n.<br \/>\n&#8211; <strong>Tiempos flexibles<\/strong>: Si tienes compromisos laborales o personales, busca cursos que te permitan avanzar a tu propio ritmo, sin afectar tu productividad.<br \/>\n&#8211; <strong>Fechas clave<\/strong>: Ten en cuenta los feriados o periodos de mayor carga de trabajo para evitar conflictos en la planificaci\u00f3n.<\/p>\n<h4>Acciones recomendadas<\/h4>\n<p>&#8211; Organiza un <strong>calendario mensual o semanal <\/strong>donde reserves tiempo espec\u00edfico para la formaci\u00f3n, ajust\u00e1ndolo a tus otras responsabilidades.<br \/>\n&#8211; Prioriza cursos que sean <strong>flexibles<\/strong> y se adapten a tu disponibilidad, para no comprometer tu rutina diaria.<\/p>\n<h3>4. Incorporar Nuevas Tecnolog\u00edas para Mejorar el Aprendizaje<\/h3>\n<p>La tecnolog\u00eda contin\u00faa cambiando la forma en que aprendemos. Para oto\u00f1o de 2024, es importante considerar la integraci\u00f3n de **herramientas tecnol\u00f3gicas** que no solo faciliten el acceso a la formaci\u00f3n, sino que tambi\u00e9n mejoren la experiencia de aprendizaje. Esto es especialmente relevante para quienes buscan desarrollar competencias digitales o t\u00e9cnicas.<\/p>\n<h4>Herramientas a considerar.<\/h4>\n<p>&#8211; <strong>Plataformas de eLearning con IA:<\/strong> Algunas plataformas utilizan inteligencia artificial para personalizar el aprendizaje y ofrecer recomendaciones basadas en tu progreso.<br \/>\n&#8211; <strong>Realidad virtual (VR) y realidad aumentada (AR):<\/strong> Estas tecnolog\u00edas se est\u00e1n utilizando para ofrecer simulaciones pr\u00e1cticas en sectores como la ingenier\u00eda, la medicina o la formaci\u00f3n t\u00e9cnica.<br \/>\n&#8211; <strong>Apps y gamificaci\u00f3n:<\/strong> Aplicaciones que te permiten seguir tu progreso y aprender de manera interactiva, utilizando m\u00e9todos l\u00fadicos para aumentar la motivaci\u00f3n.<\/p>\n<h4>Acciones recomendadas<\/h4>\n<p>&#8211; Investiga plataformas que ofrezcan <strong>tecnolog\u00eda avanzada<\/strong> como inteligencia artificial o realidad aumentada para cursos m\u00e1s <strong>interactivos<\/strong> y <strong>personalizados<\/strong>.<br \/>\n&#8211; Capac\u00edtate en el uso de <strong>herramientas digitales<\/strong> si a\u00fan no te sientes c\u00f3modo con ellas; muchas plataformas ofrecen tutoriales o soporte t\u00e9cnico.<\/p>\n<h3>5. Fijar Metas Claras de Aprendizaje y Desarrollo<\/h3>\n<p>Es vital que antes de comenzar un programa de formaci\u00f3n se <strong>definan metas claras<\/strong>\u00a0sobre lo que se espera lograr. Estas metas deben ser <strong>espec\u00edficas, medibles, alcanzables, relevantes y con un tiempo determinado (SMART<\/strong>) lo que te ayudar\u00e1 a mantenerte motivado y enfocado en completar los cursos o programas elegidos.<\/p>\n<h4>Acciones recomendadas.<\/h4>\n<p>&#8211; Establece <strong>objetivos espec\u00edficos<\/strong>\u00a0para <strong>cada curso<\/strong> o programa, y monitorea tu progreso a lo largo del tiempo.<br \/>\n&#8211; Eval\u00faa tus logros <strong>mensualmente<\/strong> para ajustar el plan de formaci\u00f3n si es necesario, y mant\u00e9n la motivaci\u00f3n al celebrar peque\u00f1os logros.<\/p>\n<h3>Conclusi\u00f3n<\/h3>\n<p>La <strong>planificaci\u00f3n de la formaci\u00f3n para oto\u00f1o de 2024<\/strong> es una oportunidad valiosa para mejorar tus competencias y posicionarte mejor en un mercado laboral cada vez m\u00e1s competitivo. <a href=\"https:\/\/vertice-formacionprogramada.carrd.co\/?origen=blog\">Contacta con nuestros expertos<\/a> para evaluar las necesidades de tu equipo.<\/p>\n","protected":false},"excerpt":{"rendered":"<p>Planificaci\u00f3n de Formaci\u00f3n para Oto\u00f1o 2024: Claves para el \u00c9xito en el Desarrollo Profesional El oto\u00f1o de 2024 est\u00e1 a<\/p>\n","protected":false},"author":15,"featured_media":8978,"comment_status":"open","ping_status":"open","sticky":false,"template":"","format":"standard","meta":{"_monsterinsights_skip_tracking":false,"_monsterinsights_sitenote_active":false,"_monsterinsights_sitenote_note":"","_monsterinsights_sitenote_category":0},"categories":[4],"tags":[430,429,203,260,148,152],"yoast_head":"<!-- This site is optimized with the Yoast SEO plugin v17.2 - https:\/\/yoast.com\/wordpress\/plugins\/seo\/ -->\n<title>Planificaci\u00f3n de Formaci\u00f3n para Oto\u00f1o 2024 - V\u00c9RTICE<\/title>\n<meta name=\"description\" content=\"Realiza la Planificaci\u00f3n de Formaci\u00f3n para oto\u00f1o de 2024, maximizando el aprendizaje y adapt\u00e1ndote a las nuevas tendencias laborales con las mejores estrategias.\" \/>\n<meta name=\"robots\" content=\"index, follow, max-snippet:-1, max-image-preview:large, max-video-preview:-1\" \/>\n<link rel=\"canonical\" href=\"https:\/\/grupovertice.com\/blog\/planificacion-de-formacion-otono-2024\/\" \/>\n<meta property=\"og:locale\" content=\"es_ES\" \/>\n<meta property=\"og:type\" content=\"article\" \/>\n<meta property=\"og:title\" content=\"Planificaci\u00f3n de Formaci\u00f3n para Oto\u00f1o 2024 - V\u00c9RTICE\" \/>\n<meta property=\"og:description\" content=\"Realiza la Planificaci\u00f3n de Formaci\u00f3n para oto\u00f1o de 2024, maximizando el aprendizaje y adapt\u00e1ndote a las nuevas tendencias laborales con las mejores estrategias.\" \/>\n<meta property=\"og:url\" content=\"https:\/\/grupovertice.com\/blog\/planificacion-de-formacion-otono-2024\/\" \/>\n<meta property=\"og:site_name\" content=\"V\u00c9RTICE\" \/>\n<meta property=\"article:published_time\" content=\"2024-09-11T06:47:11+00:00\" \/>\n<meta property=\"og:image\" content=\"https:\/\/grupovertice.com\/blog\/wp-content\/uploads\/2024\/09\/Newsletter-LinkedIne.jpg\" \/>\n\t<meta property=\"og:image:width\" content=\"1920\" \/>\n\t<meta property=\"og:image:height\" content=\"1080\" \/>\n<meta name=\"twitter:card\" content=\"summary\" \/>\n<meta name=\"twitter:label1\" content=\"Escrito por\" \/>\n\t<meta name=\"twitter:data1\" content=\"Laura D\u00edaz Gil\" \/>\n\t<meta name=\"twitter:label2\" content=\"Tiempo de lectura\" \/>\n\t<meta name=\"twitter:data2\" content=\"5 minutos\" \/>\n<script type=\"application\/ld+json\" class=\"yoast-schema-graph\">{\"@context\":\"https:\/\/schema.org\",\"@graph\":[{\"@type\":\"WebSite\",\"@id\":\"https:\/\/grupovertice.com\/blog\/#website\",\"url\":\"https:\/\/grupovertice.com\/blog\/\",\"name\":\"V\\u00c9RTICE\",\"description\":\"BLOG DE FORMACI\\u00d3N Y EMPLEO\",\"potentialAction\":[{\"@type\":\"SearchAction\",\"target\":{\"@type\":\"EntryPoint\",\"urlTemplate\":\"https:\/\/grupovertice.com\/blog\/?s={search_term_string}\"},\"query-input\":\"required name=search_term_string\"}],\"inLanguage\":\"es\"},{\"@type\":\"ImageObject\",\"@id\":\"https:\/\/grupovertice.com\/blog\/planificacion-de-formacion-otono-2024\/#primaryimage\",\"inLanguage\":\"es\",\"url\":\"https:\/\/grupovertice.com\/blog\/wp-content\/uploads\/2024\/09\/Newsletter-LinkedIne.jpg\",\"contentUrl\":\"https:\/\/grupovertice.com\/blog\/wp-content\/uploads\/2024\/09\/Newsletter-LinkedIne.jpg\",\"width\":1920,\"height\":1080,\"caption\":\"Planificaci\\u00f3n de Formaci\\u00f3n Oto\\u00f1o 2024\"},{\"@type\":\"WebPage\",\"@id\":\"https:\/\/grupovertice.com\/blog\/planificacion-de-formacion-otono-2024\/#webpage\",\"url\":\"https:\/\/grupovertice.com\/blog\/planificacion-de-formacion-otono-2024\/\",\"name\":\"Planificaci\\u00f3n de Formaci\\u00f3n para Oto\\u00f1o 2024 - V\\u00c9RTICE\",\"isPartOf\":{\"@id\":\"https:\/\/grupovertice.com\/blog\/#website\"},\"primaryImageOfPage\":{\"@id\":\"https:\/\/grupovertice.com\/blog\/planificacion-de-formacion-otono-2024\/#primaryimage\"},\"datePublished\":\"2024-09-11T06:47:11+00:00\",\"dateModified\":\"2024-09-11T06:47:11+00:00\",\"author\":{\"@id\":\"https:\/\/grupovertice.com\/blog\/#\/schema\/person\/408bb8845ac39e54984e74bc7384d8c5\"},\"description\":\"Realiza la Planificaci\\u00f3n de Formaci\\u00f3n para oto\\u00f1o de 2024, maximizando el aprendizaje y adapt\\u00e1ndote a las nuevas tendencias laborales con las mejores estrategias.\",\"breadcrumb\":{\"@id\":\"https:\/\/grupovertice.com\/blog\/planificacion-de-formacion-otono-2024\/#breadcrumb\"},\"inLanguage\":\"es\",\"potentialAction\":[{\"@type\":\"ReadAction\",\"target\":[\"https:\/\/grupovertice.com\/blog\/planificacion-de-formacion-otono-2024\/\"]}]},{\"@type\":\"BreadcrumbList\",\"@id\":\"https:\/\/grupovertice.com\/blog\/planificacion-de-formacion-otono-2024\/#breadcrumb\",\"itemListElement\":[{\"@type\":\"ListItem\",\"position\":1,\"name\":\"Portada\",\"item\":\"https:\/\/grupovertice.com\/blog\/\"},{\"@type\":\"ListItem\",\"position\":2,\"name\":\"Planificaci\\u00f3n de Formaci\\u00f3n para Oto\\u00f1o 2024\"}]},{\"@type\":\"Person\",\"@id\":\"https:\/\/grupovertice.com\/blog\/#\/schema\/person\/408bb8845ac39e54984e74bc7384d8c5\",\"name\":\"Laura D\\u00edaz Gil\",\"image\":{\"@type\":\"ImageObject\",\"@id\":\"https:\/\/grupovertice.com\/blog\/#personlogo\",\"inLanguage\":\"es\",\"url\":\"https:\/\/secure.gravatar.com\/avatar\/8b6284ccf1d9473c65bf0fd47926741d?s=96&d=mm&r=g\",\"contentUrl\":\"https:\/\/secure.gravatar.com\/avatar\/8b6284ccf1d9473c65bf0fd47926741d?s=96&d=mm&r=g\",\"caption\":\"Laura D\\u00edaz Gil\"},\"url\":\"https:\/\/grupovertice.com\/blog\/author\/ldiaz\/\"}]}<\/script>\n<!-- \/ Yoast SEO plugin. -->","yoast_head_json":{"title":"Planificaci\u00f3n de Formaci\u00f3n para Oto\u00f1o 2024 - V\u00c9RTICE","description":"Realiza la Planificaci\u00f3n de Formaci\u00f3n para oto\u00f1o de 2024, maximizando el aprendizaje y adapt\u00e1ndote a las nuevas tendencias laborales con las mejores estrategias.","robots":{"index":"index","follow":"follow","max-snippet":"max-snippet:-1","max-image-preview":"max-image-preview:large","max-video-preview":"max-video-preview:-1"},"canonical":"https:\/\/grupovertice.com\/blog\/planificacion-de-formacion-otono-2024\/","og_locale":"es_ES","og_type":"article","og_title":"Planificaci\u00f3n de Formaci\u00f3n para Oto\u00f1o 2024 - V\u00c9RTICE","og_description":"Realiza la Planificaci\u00f3n de Formaci\u00f3n para oto\u00f1o de 2024, maximizando el aprendizaje y adapt\u00e1ndote a las nuevas tendencias laborales con las mejores estrategias.","og_url":"https:\/\/grupovertice.com\/blog\/planificacion-de-formacion-otono-2024\/","og_site_name":"V\u00c9RTICE","article_published_time":"2024-09-11T06:47:11+00:00","og_image":[{"width":1920,"height":1080,"url":"https:\/\/grupovertice.com\/blog\/wp-content\/uploads\/2024\/09\/Newsletter-LinkedIne.jpg","path":"\/home\/gvertice\/public_html\/blog\/wp-content\/uploads\/2024\/09\/Newsletter-LinkedIne.jpg","size":"full","id":8978,"alt":"Planificaci\u00f3n de Formaci\u00f3n Oto\u00f1o 2024","pixels":2073600,"type":"image\/jpeg"}],"twitter_card":"summary","twitter_misc":{"Escrito por":"Laura D\u00edaz Gil","Tiempo de lectura":"5 minutos"},"schema":{"@context":"https:\/\/schema.org","@graph":[{"@type":"WebSite","@id":"https:\/\/grupovertice.com\/blog\/#website","url":"https:\/\/grupovertice.com\/blog\/","name":"V\u00c9RTICE","description":"BLOG DE FORMACI\u00d3N Y EMPLEO","potentialAction":[{"@type":"SearchAction","target":{"@type":"EntryPoint","urlTemplate":"https:\/\/grupovertice.com\/blog\/?s={search_term_string}"},"query-input":"required name=search_term_string"}],"inLanguage":"es"},{"@type":"ImageObject","@id":"https:\/\/grupovertice.com\/blog\/planificacion-de-formacion-otono-2024\/#primaryimage","inLanguage":"es","url":"https:\/\/grupovertice.com\/blog\/wp-content\/uploads\/2024\/09\/Newsletter-LinkedIne.jpg","contentUrl":"https:\/\/grupovertice.com\/blog\/wp-content\/uploads\/2024\/09\/Newsletter-LinkedIne.jpg","width":1920,"height":1080,"caption":"Planificaci\u00f3n de Formaci\u00f3n Oto\u00f1o 2024"},{"@type":"WebPage","@id":"https:\/\/grupovertice.com\/blog\/planificacion-de-formacion-otono-2024\/#webpage","url":"https:\/\/grupovertice.com\/blog\/planificacion-de-formacion-otono-2024\/","name":"Planificaci\u00f3n de Formaci\u00f3n para Oto\u00f1o 2024 - V\u00c9RTICE","isPartOf":{"@id":"https:\/\/grupovertice.com\/blog\/#website"},"primaryImageOfPage":{"@id":"https:\/\/grupovertice.com\/blog\/planificacion-de-formacion-otono-2024\/#primaryimage"},"datePublished":"2024-09-11T06:47:11+00:00","dateModified":"2024-09-11T06:47:11+00:00","author":{"@id":"https:\/\/grupovertice.com\/blog\/#\/schema\/person\/408bb8845ac39e54984e74bc7384d8c5"},"description":"Realiza la Planificaci\u00f3n de Formaci\u00f3n para oto\u00f1o de 2024, maximizando el aprendizaje y adapt\u00e1ndote a las nuevas tendencias laborales con las mejores estrategias.","breadcrumb":{"@id":"https:\/\/grupovertice.com\/blog\/planificacion-de-formacion-otono-2024\/#breadcrumb"},"inLanguage":"es","potentialAction":[{"@type":"ReadAction","target":["https:\/\/grupovertice.com\/blog\/planificacion-de-formacion-otono-2024\/"]}]},{"@type":"BreadcrumbList","@id":"https:\/\/grupovertice.com\/blog\/planificacion-de-formacion-otono-2024\/#breadcrumb","itemListElement":[{"@type":"ListItem","position":1,"name":"Portada","item":"https:\/\/grupovertice.com\/blog\/"},{"@type":"ListItem","position":2,"name":"Planificaci\u00f3n de Formaci\u00f3n para Oto\u00f1o 2024"}]},{"@type":"Person","@id":"https:\/\/grupovertice.com\/blog\/#\/schema\/person\/408bb8845ac39e54984e74bc7384d8c5","name":"Laura D\u00edaz Gil","image":{"@type":"ImageObject","@id":"https:\/\/grupovertice.com\/blog\/#personlogo","inLanguage":"es","url":"https:\/\/secure.gravatar.com\/avatar\/8b6284ccf1d9473c65bf0fd47926741d?s=96&d=mm&r=g","contentUrl":"https:\/\/secure.gravatar.com\/avatar\/8b6284ccf1d9473c65bf0fd47926741d?s=96&d=mm&r=g","caption":"Laura D\u00edaz Gil"},"url":"https:\/\/grupovertice.com\/blog\/author\/ldiaz\/"}]}},"fimg_url":"https:\/\/grupovertice.com\/blog\/wp-content\/uploads\/2024\/09\/Newsletter-LinkedIne.jpg","categories_names":["eLearning"],"medio":"","clean-title":true,"_links":{"self":[{"href":"https:\/\/grupovertice.com\/blog\/wp-json\/wp\/v2\/posts\/8976"}],"collection":[{"href":"https:\/\/grupovertice.com\/blog\/wp-json\/wp\/v2\/posts"}],"about":[{"href":"https:\/\/grupovertice.com\/blog\/wp-json\/wp\/v2\/types\/post"}],"author":[{"embeddable":true,"href":"https:\/\/grupovertice.com\/blog\/wp-json\/wp\/v2\/users\/15"}],"replies":[{"embeddable":true,"href":"https:\/\/grupovertice.com\/blog\/wp-json\/wp\/v2\/comments?post=8976"}],"version-history":[{"count":2,"href":"https:\/\/grupovertice.com\/blog\/wp-json\/wp\/v2\/posts\/8976\/revisions"}],"predecessor-version":[{"id":8980,"href":"https:\/\/grupovertice.com\/blog\/wp-json\/wp\/v2\/posts\/8976\/revisions\/8980"}],"wp:featuredmedia":[{"embeddable":true,"href":"https:\/\/grupovertice.com\/blog\/wp-json\/wp\/v2\/media\/8978"}],"wp:attachment":[{"href":"https:\/\/grupovertice.com\/blog\/wp-json\/wp\/v2\/media?parent=8976"}],"wp:term":[{"taxonomy":"category","embeddable":true,"href":"https:\/\/grupovertice.com\/blog\/wp-json\/wp\/v2\/categories?post=8976"},{"taxonomy":"post_tag","embeddable":true,"href":"https:\/\/grupovertice.com\/blog\/wp-json\/wp\/v2\/tags?post=8976"}],"curies":[{"name":"wp","href":"https:\/\/api.w.org\/{rel}","templated":true}]}}