{"id":8313,"date":"2023-05-17T07:34:23","date_gmt":"2023-05-17T07:34:23","guid":{"rendered":"https:\/\/grupovertice.com\/blog\/vega-arrives-the-first-virtual-assistant-of-grupo-vertice\/"},"modified":"2023-05-17T07:34:23","modified_gmt":"2023-05-17T07:34:23","slug":"vega-arrives-the-first-virtual-assistant-of-grupo-vertice","status":"publish","type":"post","link":"https:\/\/grupovertice.com\/blog\/vega-arrives-the-first-virtual-assistant-of-grupo-vertice\/?lang=en","title":{"rendered":"VeGA arrives, the first virtual assistant of Grupo V\u00e9rtice"},"content":{"rendered":"<h3 class=\"entry-sub-title\">VeGA works with AI integrated to the entire V\u00e9rtice course catalog in order to offer a personalized, impactful training experience tailored to the needs of its students.<\/h3>\n<div class=\"single-meta\">\n<div class=\"meta-grid\">\n<p>The Malaga-based company Grupo V\u00e9rtice has materialized the first step of AI in the training market with VeGA (Virtual eLearning Global Assistant), the first virtual assistant that works with AI integrated to the entire catalog of V\u00e9rtice courses.<\/p>\n<p>In the field of education and training, <a href=\"https:\/\/www.vidaeconomica.com\/2023\/04\/tupl-premio-inteligencia-artificial\/\">Artificial Intelligence<\/a> (AI) is consolidating as an increasingly relevant tool. AI can significantly improve the personalization of the teaching process by providing instant feedback and adapting the pace and difficulty of the content to the specific needs of each student.<\/p>\n<\/div>\n<p>The General Manager of Grupo V\u00e9rtice, Cristina Cruzado, highlighted the company&#8217;s commitment to innovation and continuous improvement. With the recent addition of VeGA, he noted that the goal is to offer a personalized, impactful training experience tailored to the needs of the more than 7 million annual users who enjoy Vertex&#8217;s resources directly or indirectly.<\/p>\n<\/div>\n","protected":false},"excerpt":{"rendered":"<p>VeGA works with AI integrated to the entire V\u00e9rtice course catalog in order to offer a personalized, impactful training experience<\/p>\n","protected":false},"author":15,"featured_media":8243,"comment_status":"open","ping_status":"open","sticky":false,"template":"","format":"standard","meta":{"_monsterinsights_skip_tracking":false,"_monsterinsights_sitenote_active":false,"_monsterinsights_sitenote_note":"","_monsterinsights_sitenote_category":0},"categories":[405],"tags":[],"yoast_head":"<!-- This site is optimized with the Yoast SEO plugin v17.2 - https:\/\/yoast.com\/wordpress\/plugins\/seo\/ -->\n<title>VeGA arrives, the first virtual assistant of Grupo V\u00e9rtice - V\u00c9RTICE<\/title>\n<meta name=\"robots\" content=\"index, follow, max-snippet:-1, max-image-preview:large, max-video-preview:-1\" \/>\n<link rel=\"canonical\" href=\"https:\/\/grupovertice.com\/blog\/vega-arrives-the-first-virtual-assistant-of-grupo-vertice\/\" \/>\n<meta property=\"og:locale\" content=\"es_ES\" \/>\n<meta property=\"og:type\" content=\"article\" \/>\n<meta property=\"og:title\" content=\"VeGA arrives, the first virtual assistant of Grupo V\u00e9rtice - V\u00c9RTICE\" \/>\n<meta property=\"og:description\" content=\"VeGA works with AI integrated to the entire V\u00e9rtice course catalog in order to offer a personalized, impactful training experience\" \/>\n<meta property=\"og:url\" content=\"https:\/\/grupovertice.com\/blog\/vega-arrives-the-first-virtual-assistant-of-grupo-vertice\/\" \/>\n<meta property=\"og:site_name\" content=\"V\u00c9RTICE\" \/>\n<meta property=\"article:published_time\" content=\"2023-05-17T07:34:23+00:00\" \/>\n<meta name=\"twitter:card\" content=\"summary\" \/>\n<meta name=\"twitter:label1\" content=\"Escrito por\" \/>\n\t<meta name=\"twitter:data1\" content=\"Laura D\u00edaz Gil\" \/>\n\t<meta name=\"twitter:label2\" content=\"Tiempo de lectura\" \/>\n\t<meta name=\"twitter:data2\" content=\"1 minuto\" \/>\n<script type=\"application\/ld+json\" class=\"yoast-schema-graph\">{\"@context\":\"https:\/\/schema.org\",\"@graph\":[{\"@type\":\"WebSite\",\"@id\":\"https:\/\/grupovertice.com\/blog\/#website\",\"url\":\"https:\/\/grupovertice.com\/blog\/\",\"name\":\"V\\u00c9RTICE\",\"description\":\"BLOG DE FORMACI\\u00d3N Y EMPLEO\",\"potentialAction\":[{\"@type\":\"SearchAction\",\"target\":{\"@type\":\"EntryPoint\",\"urlTemplate\":\"https:\/\/grupovertice.com\/blog\/?s={search_term_string}\"},\"query-input\":\"required name=search_term_string\"}],\"inLanguage\":\"es\"},{\"@type\":\"ImageObject\",\"@id\":\"https:\/\/grupovertice.com\/blog\/vega-arrives-the-first-virtual-assistant-of-grupo-vertice\/#primaryimage\",\"inLanguage\":\"es\",\"url\":\"https:\/\/grupovertice.com\/blog\/wp-content\/uploads\/2023\/05\/nota-de-prensa-vega-vida-economica.jpg\",\"contentUrl\":\"https:\/\/grupovertice.com\/blog\/wp-content\/uploads\/2023\/05\/nota-de-prensa-vega-vida-economica.jpg\",\"width\":1200,\"height\":667},{\"@type\":\"WebPage\",\"@id\":\"https:\/\/grupovertice.com\/blog\/vega-arrives-the-first-virtual-assistant-of-grupo-vertice\/#webpage\",\"url\":\"https:\/\/grupovertice.com\/blog\/vega-arrives-the-first-virtual-assistant-of-grupo-vertice\/\",\"name\":\"VeGA arrives, the first virtual assistant of Grupo V\\u00e9rtice - V\\u00c9RTICE\",\"isPartOf\":{\"@id\":\"https:\/\/grupovertice.com\/blog\/#website\"},\"primaryImageOfPage\":{\"@id\":\"https:\/\/grupovertice.com\/blog\/vega-arrives-the-first-virtual-assistant-of-grupo-vertice\/#primaryimage\"},\"datePublished\":\"2023-05-17T07:34:23+00:00\",\"dateModified\":\"2023-05-17T07:34:23+00:00\",\"author\":{\"@id\":\"https:\/\/grupovertice.com\/blog\/#\/schema\/person\/408bb8845ac39e54984e74bc7384d8c5\"},\"breadcrumb\":{\"@id\":\"https:\/\/grupovertice.com\/blog\/vega-arrives-the-first-virtual-assistant-of-grupo-vertice\/#breadcrumb\"},\"inLanguage\":\"es\",\"potentialAction\":[{\"@type\":\"ReadAction\",\"target\":[\"https:\/\/grupovertice.com\/blog\/vega-arrives-the-first-virtual-assistant-of-grupo-vertice\/\"]}]},{\"@type\":\"BreadcrumbList\",\"@id\":\"https:\/\/grupovertice.com\/blog\/vega-arrives-the-first-virtual-assistant-of-grupo-vertice\/#breadcrumb\",\"itemListElement\":[{\"@type\":\"ListItem\",\"position\":1,\"name\":\"Portada\",\"item\":\"https:\/\/grupovertice.com\/blog\/\"},{\"@type\":\"ListItem\",\"position\":2,\"name\":\"VeGA arrives, the first virtual assistant of Grupo V\\u00e9rtice\"}]},{\"@type\":\"Person\",\"@id\":\"https:\/\/grupovertice.com\/blog\/#\/schema\/person\/408bb8845ac39e54984e74bc7384d8c5\",\"name\":\"Laura D\\u00edaz Gil\",\"image\":{\"@type\":\"ImageObject\",\"@id\":\"https:\/\/grupovertice.com\/blog\/#personlogo\",\"inLanguage\":\"es\",\"url\":\"https:\/\/secure.gravatar.com\/avatar\/8b6284ccf1d9473c65bf0fd47926741d?s=96&d=mm&r=g\",\"contentUrl\":\"https:\/\/secure.gravatar.com\/avatar\/8b6284ccf1d9473c65bf0fd47926741d?s=96&d=mm&r=g\",\"caption\":\"Laura D\\u00edaz Gil\"},\"url\":\"https:\/\/grupovertice.com\/blog\/author\/ldiaz\/\"}]}<\/script>\n<!-- \/ Yoast SEO plugin. -->","yoast_head_json":{"title":"VeGA arrives, the first virtual assistant of Grupo V\u00e9rtice - V\u00c9RTICE","robots":{"index":"index","follow":"follow","max-snippet":"max-snippet:-1","max-image-preview":"max-image-preview:large","max-video-preview":"max-video-preview:-1"},"canonical":"https:\/\/grupovertice.com\/blog\/vega-arrives-the-first-virtual-assistant-of-grupo-vertice\/","og_locale":"es_ES","og_type":"article","og_title":"VeGA arrives, the first virtual assistant of Grupo V\u00e9rtice - V\u00c9RTICE","og_description":"VeGA works with AI integrated to the entire V\u00e9rtice course catalog in order to offer a personalized, impactful training experience","og_url":"https:\/\/grupovertice.com\/blog\/vega-arrives-the-first-virtual-assistant-of-grupo-vertice\/","og_site_name":"V\u00c9RTICE","article_published_time":"2023-05-17T07:34:23+00:00","twitter_card":"summary","twitter_misc":{"Escrito por":"Laura D\u00edaz Gil","Tiempo de lectura":"1 minuto"},"schema":{"@context":"https:\/\/schema.org","@graph":[{"@type":"WebSite","@id":"https:\/\/grupovertice.com\/blog\/#website","url":"https:\/\/grupovertice.com\/blog\/","name":"V\u00c9RTICE","description":"BLOG DE FORMACI\u00d3N Y EMPLEO","potentialAction":[{"@type":"SearchAction","target":{"@type":"EntryPoint","urlTemplate":"https:\/\/grupovertice.com\/blog\/?s={search_term_string}"},"query-input":"required name=search_term_string"}],"inLanguage":"es"},{"@type":"ImageObject","@id":"https:\/\/grupovertice.com\/blog\/vega-arrives-the-first-virtual-assistant-of-grupo-vertice\/#primaryimage","inLanguage":"es","url":"https:\/\/grupovertice.com\/blog\/wp-content\/uploads\/2023\/05\/nota-de-prensa-vega-vida-economica.jpg","contentUrl":"https:\/\/grupovertice.com\/blog\/wp-content\/uploads\/2023\/05\/nota-de-prensa-vega-vida-economica.jpg","width":1200,"height":667},{"@type":"WebPage","@id":"https:\/\/grupovertice.com\/blog\/vega-arrives-the-first-virtual-assistant-of-grupo-vertice\/#webpage","url":"https:\/\/grupovertice.com\/blog\/vega-arrives-the-first-virtual-assistant-of-grupo-vertice\/","name":"VeGA arrives, the first virtual assistant of Grupo V\u00e9rtice - V\u00c9RTICE","isPartOf":{"@id":"https:\/\/grupovertice.com\/blog\/#website"},"primaryImageOfPage":{"@id":"https:\/\/grupovertice.com\/blog\/vega-arrives-the-first-virtual-assistant-of-grupo-vertice\/#primaryimage"},"datePublished":"2023-05-17T07:34:23+00:00","dateModified":"2023-05-17T07:34:23+00:00","author":{"@id":"https:\/\/grupovertice.com\/blog\/#\/schema\/person\/408bb8845ac39e54984e74bc7384d8c5"},"breadcrumb":{"@id":"https:\/\/grupovertice.com\/blog\/vega-arrives-the-first-virtual-assistant-of-grupo-vertice\/#breadcrumb"},"inLanguage":"es","potentialAction":[{"@type":"ReadAction","target":["https:\/\/grupovertice.com\/blog\/vega-arrives-the-first-virtual-assistant-of-grupo-vertice\/"]}]},{"@type":"BreadcrumbList","@id":"https:\/\/grupovertice.com\/blog\/vega-arrives-the-first-virtual-assistant-of-grupo-vertice\/#breadcrumb","itemListElement":[{"@type":"ListItem","position":1,"name":"Portada","item":"https:\/\/grupovertice.com\/blog\/"},{"@type":"ListItem","position":2,"name":"VeGA arrives, the first virtual assistant of Grupo V\u00e9rtice"}]},{"@type":"Person","@id":"https:\/\/grupovertice.com\/blog\/#\/schema\/person\/408bb8845ac39e54984e74bc7384d8c5","name":"Laura D\u00edaz Gil","image":{"@type":"ImageObject","@id":"https:\/\/grupovertice.com\/blog\/#personlogo","inLanguage":"es","url":"https:\/\/secure.gravatar.com\/avatar\/8b6284ccf1d9473c65bf0fd47926741d?s=96&d=mm&r=g","contentUrl":"https:\/\/secure.gravatar.com\/avatar\/8b6284ccf1d9473c65bf0fd47926741d?s=96&d=mm&r=g","caption":"Laura D\u00edaz Gil"},"url":"https:\/\/grupovertice.com\/blog\/author\/ldiaz\/"}]}},"fimg_url":"https:\/\/grupovertice.com\/blog\/wp-content\/uploads\/2023\/05\/nota-de-prensa-vega-vida-economica.jpg","categories_names":["Sala de Prensa"],"medio":"","clean-title":true,"_links":{"self":[{"href":"https:\/\/grupovertice.com\/blog\/wp-json\/wp\/v2\/posts\/8313"}],"collection":[{"href":"https:\/\/grupovertice.com\/blog\/wp-json\/wp\/v2\/posts"}],"about":[{"href":"https:\/\/grupovertice.com\/blog\/wp-json\/wp\/v2\/types\/post"}],"author":[{"embeddable":true,"href":"https:\/\/grupovertice.com\/blog\/wp-json\/wp\/v2\/users\/15"}],"replies":[{"embeddable":true,"href":"https:\/\/grupovertice.com\/blog\/wp-json\/wp\/v2\/comments?post=8313"}],"version-history":[{"count":0,"href":"https:\/\/grupovertice.com\/blog\/wp-json\/wp\/v2\/posts\/8313\/revisions"}],"wp:featuredmedia":[{"embeddable":true,"href":"https:\/\/grupovertice.com\/blog\/wp-json\/wp\/v2\/media\/8243"}],"wp:attachment":[{"href":"https:\/\/grupovertice.com\/blog\/wp-json\/wp\/v2\/media?parent=8313"}],"wp:term":[{"taxonomy":"category","embeddable":true,"href":"https:\/\/grupovertice.com\/blog\/wp-json\/wp\/v2\/categories?post=8313"},{"taxonomy":"post_tag","embeddable":true,"href":"https:\/\/grupovertice.com\/blog\/wp-json\/wp\/v2\/tags?post=8313"}],"curies":[{"name":"wp","href":"https:\/\/api.w.org\/{rel}","templated":true}]}}