{"id":8135,"date":"2023-03-29T11:05:35","date_gmt":"2023-03-29T11:05:35","guid":{"rendered":"https:\/\/grupovertice.com\/blog\/linkedin-vertice-an-alliance-for-the-elearning-of-the-future\/"},"modified":"2023-04-20T08:33:14","modified_gmt":"2023-04-20T08:33:14","slug":"linkedin-vertice-an-alliance-for-the-elearning-of-the-future","status":"publish","type":"post","link":"https:\/\/grupovertice.com\/blog\/linkedin-vertice-an-alliance-for-the-elearning-of-the-future\/?lang=en","title":{"rendered":"LinkedIn + V\u00e9rtice, an alliance for the eLearning of the future."},"content":{"rendered":"<p>We have <a href=\"https:\/\/www.linkedin.com\/feed\/update\/urn:li:activity:7042169429559812096\">partnered with LinkedIn Learning<\/a>! To celebrate this union, <strong>our CEO, Jos\u00e9 Buz\u00f3n<\/strong>, tells us more details that will help us to know the details of this alliance and everything it means for the world of eLearning.<\/p>\n<h3>What does it mean to be a LinkedIn partner?<\/h3>\n<p>Being a LinkedIn partner means taking a step further in the world of eLearning. This alliance increases the value of LinkedIn Learning&#8217;s training offer, as we provide the capacity and experience in the development of training plans. The appeal of our Alliance is that it increases the value of the entire service offered by LinkedIn. This includes everything from allowing the use of Programmed Training to creating specific training itineraries, allowing organizations to develop the <a href=\"https:\/\/grupovertice.com\/blog\/formarte-o-morir-en-el-intento\/\">upskilling and reskilling<\/a> of their talent with the most efficient investment possible Together we form a project that is difficult to match and totally disruptive in the field of corporate training.<\/p>\n<h3>What do we bring to the table as a company?<\/h3>\n<p>V\u00e9rtice plays a crucial role Our experience in the sector, our technology and national positioning have been highly valued by LinkedIn Learning. We add the layer of training project, definition and adaptation of training plans focused on the current employment landscape and create customized career plans for each company. \u00abTraining is essential to achieve the business leadership to which Spain aspires.\u00bb With this Alliance, it will be possible to offer quality training to be able to achieve that leadership to which the industry aspires.<\/p>\n<h3>The major challenge we have<\/h3>\n<p>From V\u00e9rtice eLearning, the biggest challenge we have is that users really enjoy a constructive learning experience and that the HRBP values us as a strategic partner. Companies that go with V\u00e9rtice + LinkedIn Learning binomial are betting on developing their talent, but they are also betting on our team, on cutting-edge content and on high-level technological solutions<\/p>\n<h3>The team behind this partnership<\/h3>\n<p>This eLearning alliance would not have been possible without the chemistry that has been created around the working group formed between LinkedIn and V\u00e9rtice. The atmosphere is one of excitement to join forces and create a solution that will change the market. We are ready to offer companies the best training options. No doubt the whole team is looking forward to seeing how this alliance evolves and demonstrating what we are capable of doing together.<\/p>\n<p>&nbsp;<\/p>\n","protected":false},"excerpt":{"rendered":"<p>We have partnered with LinkedIn Learning! To celebrate this union, our CEO, Jos\u00e9 Buz\u00f3n, tells us more details that will<\/p>\n","protected":false},"author":15,"featured_media":8132,"comment_status":"open","ping_status":"open","sticky":false,"template":"","format":"standard","meta":{"_monsterinsights_skip_tracking":false,"_monsterinsights_sitenote_active":false,"_monsterinsights_sitenote_note":"","_monsterinsights_sitenote_category":0},"categories":[404],"tags":[],"yoast_head":"<!-- This site is optimized with the Yoast SEO plugin v17.2 - https:\/\/yoast.com\/wordpress\/plugins\/seo\/ -->\n<title>LinkedIn + V\u00e9rtice, an alliance for the eLearning of the future. - V\u00c9RTICE<\/title>\n<meta name=\"robots\" content=\"index, follow, max-snippet:-1, max-image-preview:large, max-video-preview:-1\" \/>\n<link rel=\"canonical\" href=\"https:\/\/grupovertice.com\/blog\/linkedin-vertice-an-alliance-for-the-elearning-of-the-future\/?lang=en\" \/>\n<meta property=\"og:locale\" content=\"es_ES\" \/>\n<meta property=\"og:type\" content=\"article\" \/>\n<meta property=\"og:title\" content=\"LinkedIn + V\u00e9rtice, an alliance for the eLearning of the future. - V\u00c9RTICE\" \/>\n<meta property=\"og:description\" content=\"We have partnered with LinkedIn Learning! To celebrate this union, our CEO, Jos\u00e9 Buz\u00f3n, tells us more details that will\" \/>\n<meta property=\"og:url\" content=\"https:\/\/grupovertice.com\/blog\/linkedin-vertice-an-alliance-for-the-elearning-of-the-future\/?lang=en\" \/>\n<meta property=\"og:site_name\" content=\"V\u00c9RTICE\" \/>\n<meta property=\"article:published_time\" content=\"2023-03-29T11:05:35+00:00\" \/>\n<meta property=\"article:modified_time\" content=\"2023-04-20T08:33:14+00:00\" \/>\n<meta property=\"og:image\" content=\"https:\/\/grupovertice.com\/blog\/wp-content\/uploads\/2023\/03\/Sin-titulo-1.jpg\" \/>\n\t<meta property=\"og:image:width\" content=\"1200\" \/>\n\t<meta property=\"og:image:height\" content=\"667\" \/>\n<meta name=\"twitter:card\" content=\"summary\" \/>\n<meta name=\"twitter:label1\" content=\"Escrito por\" \/>\n\t<meta name=\"twitter:data1\" content=\"Laura D\u00edaz Gil\" \/>\n\t<meta name=\"twitter:label2\" content=\"Tiempo de lectura\" \/>\n\t<meta name=\"twitter:data2\" content=\"2 minutos\" \/>\n<script type=\"application\/ld+json\" class=\"yoast-schema-graph\">{\"@context\":\"https:\/\/schema.org\",\"@graph\":[{\"@type\":\"WebSite\",\"@id\":\"https:\/\/grupovertice.com\/blog\/#website\",\"url\":\"https:\/\/grupovertice.com\/blog\/\",\"name\":\"V\\u00c9RTICE\",\"description\":\"BLOG DE FORMACI\\u00d3N Y EMPLEO\",\"potentialAction\":[{\"@type\":\"SearchAction\",\"target\":{\"@type\":\"EntryPoint\",\"urlTemplate\":\"https:\/\/grupovertice.com\/blog\/?s={search_term_string}\"},\"query-input\":\"required name=search_term_string\"}],\"inLanguage\":\"es\"},{\"@type\":\"ImageObject\",\"@id\":\"https:\/\/grupovertice.com\/blog\/linkedin-vertice-an-alliance-for-the-elearning-of-the-future\/?lang=en#primaryimage\",\"inLanguage\":\"es\",\"url\":\"https:\/\/grupovertice.com\/blog\/wp-content\/uploads\/2023\/03\/Sin-titulo-1.jpg\",\"contentUrl\":\"https:\/\/grupovertice.com\/blog\/wp-content\/uploads\/2023\/03\/Sin-titulo-1.jpg\",\"width\":1200,\"height\":667,\"caption\":\"Jose Buzon CEO VERTICE da una entrevista sobre la alianza con LinkedIn Learning\"},{\"@type\":\"WebPage\",\"@id\":\"https:\/\/grupovertice.com\/blog\/linkedin-vertice-an-alliance-for-the-elearning-of-the-future\/?lang=en#webpage\",\"url\":\"https:\/\/grupovertice.com\/blog\/linkedin-vertice-an-alliance-for-the-elearning-of-the-future\/?lang=en\",\"name\":\"LinkedIn + V\\u00e9rtice, an alliance for the eLearning of the future. - V\\u00c9RTICE\",\"isPartOf\":{\"@id\":\"https:\/\/grupovertice.com\/blog\/#website\"},\"primaryImageOfPage\":{\"@id\":\"https:\/\/grupovertice.com\/blog\/linkedin-vertice-an-alliance-for-the-elearning-of-the-future\/?lang=en#primaryimage\"},\"datePublished\":\"2023-03-29T11:05:35+00:00\",\"dateModified\":\"2023-04-20T08:33:14+00:00\",\"author\":{\"@id\":\"https:\/\/grupovertice.com\/blog\/#\/schema\/person\/408bb8845ac39e54984e74bc7384d8c5\"},\"breadcrumb\":{\"@id\":\"https:\/\/grupovertice.com\/blog\/linkedin-vertice-an-alliance-for-the-elearning-of-the-future\/?lang=en#breadcrumb\"},\"inLanguage\":\"es\",\"potentialAction\":[{\"@type\":\"ReadAction\",\"target\":[\"https:\/\/grupovertice.com\/blog\/linkedin-vertice-an-alliance-for-the-elearning-of-the-future\/?lang=en\"]}]},{\"@type\":\"BreadcrumbList\",\"@id\":\"https:\/\/grupovertice.com\/blog\/linkedin-vertice-an-alliance-for-the-elearning-of-the-future\/?lang=en#breadcrumb\",\"itemListElement\":[{\"@type\":\"ListItem\",\"position\":1,\"name\":\"Portada\",\"item\":\"https:\/\/grupovertice.com\/blog\/\"},{\"@type\":\"ListItem\",\"position\":2,\"name\":\"LinkedIn + V\\u00e9rtice, an alliance for the eLearning of the future.\"}]},{\"@type\":\"Person\",\"@id\":\"https:\/\/grupovertice.com\/blog\/#\/schema\/person\/408bb8845ac39e54984e74bc7384d8c5\",\"name\":\"Laura D\\u00edaz Gil\",\"image\":{\"@type\":\"ImageObject\",\"@id\":\"https:\/\/grupovertice.com\/blog\/#personlogo\",\"inLanguage\":\"es\",\"url\":\"https:\/\/secure.gravatar.com\/avatar\/8b6284ccf1d9473c65bf0fd47926741d?s=96&d=mm&r=g\",\"contentUrl\":\"https:\/\/secure.gravatar.com\/avatar\/8b6284ccf1d9473c65bf0fd47926741d?s=96&d=mm&r=g\",\"caption\":\"Laura D\\u00edaz Gil\"},\"url\":\"https:\/\/grupovertice.com\/blog\/author\/ldiaz\/\"}]}<\/script>\n<!-- \/ Yoast SEO plugin. -->","yoast_head_json":{"title":"LinkedIn + V\u00e9rtice, an alliance for the eLearning of the future. - V\u00c9RTICE","robots":{"index":"index","follow":"follow","max-snippet":"max-snippet:-1","max-image-preview":"max-image-preview:large","max-video-preview":"max-video-preview:-1"},"canonical":"https:\/\/grupovertice.com\/blog\/linkedin-vertice-an-alliance-for-the-elearning-of-the-future\/?lang=en","og_locale":"es_ES","og_type":"article","og_title":"LinkedIn + V\u00e9rtice, an alliance for the eLearning of the future. - V\u00c9RTICE","og_description":"We have partnered with LinkedIn Learning! To celebrate this union, our CEO, Jos\u00e9 Buz\u00f3n, tells us more details that will","og_url":"https:\/\/grupovertice.com\/blog\/linkedin-vertice-an-alliance-for-the-elearning-of-the-future\/?lang=en","og_site_name":"V\u00c9RTICE","article_published_time":"2023-03-29T11:05:35+00:00","article_modified_time":"2023-04-20T08:33:14+00:00","og_image":[{"width":1200,"height":667,"url":"https:\/\/grupovertice.com\/blog\/wp-content\/uploads\/2023\/03\/Sin-titulo-1.jpg","path":"\/home\/gvertice\/public_html\/blog\/wp-content\/uploads\/2023\/03\/Sin-titulo-1.jpg","size":"full","id":8132,"alt":"","pixels":800400,"type":"image\/jpeg"}],"twitter_card":"summary","twitter_misc":{"Escrito por":"Laura D\u00edaz Gil","Tiempo de lectura":"2 minutos"},"schema":{"@context":"https:\/\/schema.org","@graph":[{"@type":"WebSite","@id":"https:\/\/grupovertice.com\/blog\/#website","url":"https:\/\/grupovertice.com\/blog\/","name":"V\u00c9RTICE","description":"BLOG DE FORMACI\u00d3N Y EMPLEO","potentialAction":[{"@type":"SearchAction","target":{"@type":"EntryPoint","urlTemplate":"https:\/\/grupovertice.com\/blog\/?s={search_term_string}"},"query-input":"required name=search_term_string"}],"inLanguage":"es"},{"@type":"ImageObject","@id":"https:\/\/grupovertice.com\/blog\/linkedin-vertice-an-alliance-for-the-elearning-of-the-future\/?lang=en#primaryimage","inLanguage":"es","url":"https:\/\/grupovertice.com\/blog\/wp-content\/uploads\/2023\/03\/Sin-titulo-1.jpg","contentUrl":"https:\/\/grupovertice.com\/blog\/wp-content\/uploads\/2023\/03\/Sin-titulo-1.jpg","width":1200,"height":667,"caption":"Jose Buzon CEO VERTICE da una entrevista sobre la alianza con LinkedIn Learning"},{"@type":"WebPage","@id":"https:\/\/grupovertice.com\/blog\/linkedin-vertice-an-alliance-for-the-elearning-of-the-future\/?lang=en#webpage","url":"https:\/\/grupovertice.com\/blog\/linkedin-vertice-an-alliance-for-the-elearning-of-the-future\/?lang=en","name":"LinkedIn + V\u00e9rtice, an alliance for the eLearning of the future. - V\u00c9RTICE","isPartOf":{"@id":"https:\/\/grupovertice.com\/blog\/#website"},"primaryImageOfPage":{"@id":"https:\/\/grupovertice.com\/blog\/linkedin-vertice-an-alliance-for-the-elearning-of-the-future\/?lang=en#primaryimage"},"datePublished":"2023-03-29T11:05:35+00:00","dateModified":"2023-04-20T08:33:14+00:00","author":{"@id":"https:\/\/grupovertice.com\/blog\/#\/schema\/person\/408bb8845ac39e54984e74bc7384d8c5"},"breadcrumb":{"@id":"https:\/\/grupovertice.com\/blog\/linkedin-vertice-an-alliance-for-the-elearning-of-the-future\/?lang=en#breadcrumb"},"inLanguage":"es","potentialAction":[{"@type":"ReadAction","target":["https:\/\/grupovertice.com\/blog\/linkedin-vertice-an-alliance-for-the-elearning-of-the-future\/?lang=en"]}]},{"@type":"BreadcrumbList","@id":"https:\/\/grupovertice.com\/blog\/linkedin-vertice-an-alliance-for-the-elearning-of-the-future\/?lang=en#breadcrumb","itemListElement":[{"@type":"ListItem","position":1,"name":"Portada","item":"https:\/\/grupovertice.com\/blog\/"},{"@type":"ListItem","position":2,"name":"LinkedIn + V\u00e9rtice, an alliance for the eLearning of the future."}]},{"@type":"Person","@id":"https:\/\/grupovertice.com\/blog\/#\/schema\/person\/408bb8845ac39e54984e74bc7384d8c5","name":"Laura D\u00edaz Gil","image":{"@type":"ImageObject","@id":"https:\/\/grupovertice.com\/blog\/#personlogo","inLanguage":"es","url":"https:\/\/secure.gravatar.com\/avatar\/8b6284ccf1d9473c65bf0fd47926741d?s=96&d=mm&r=g","contentUrl":"https:\/\/secure.gravatar.com\/avatar\/8b6284ccf1d9473c65bf0fd47926741d?s=96&d=mm&r=g","caption":"Laura D\u00edaz Gil"},"url":"https:\/\/grupovertice.com\/blog\/author\/ldiaz\/"}]}},"fimg_url":"https:\/\/grupovertice.com\/blog\/wp-content\/uploads\/2023\/03\/Sin-titulo-1.jpg","categories_names":["eLearning"],"medio":"","clean-title":true,"_links":{"self":[{"href":"https:\/\/grupovertice.com\/blog\/wp-json\/wp\/v2\/posts\/8135"}],"collection":[{"href":"https:\/\/grupovertice.com\/blog\/wp-json\/wp\/v2\/posts"}],"about":[{"href":"https:\/\/grupovertice.com\/blog\/wp-json\/wp\/v2\/types\/post"}],"author":[{"embeddable":true,"href":"https:\/\/grupovertice.com\/blog\/wp-json\/wp\/v2\/users\/15"}],"replies":[{"embeddable":true,"href":"https:\/\/grupovertice.com\/blog\/wp-json\/wp\/v2\/comments?post=8135"}],"version-history":[{"count":1,"href":"https:\/\/grupovertice.com\/blog\/wp-json\/wp\/v2\/posts\/8135\/revisions"}],"predecessor-version":[{"id":8165,"href":"https:\/\/grupovertice.com\/blog\/wp-json\/wp\/v2\/posts\/8135\/revisions\/8165"}],"wp:featuredmedia":[{"embeddable":true,"href":"https:\/\/grupovertice.com\/blog\/wp-json\/wp\/v2\/media\/8132"}],"wp:attachment":[{"href":"https:\/\/grupovertice.com\/blog\/wp-json\/wp\/v2\/media?parent=8135"}],"wp:term":[{"taxonomy":"category","embeddable":true,"href":"https:\/\/grupovertice.com\/blog\/wp-json\/wp\/v2\/categories?post=8135"},{"taxonomy":"post_tag","embeddable":true,"href":"https:\/\/grupovertice.com\/blog\/wp-json\/wp\/v2\/tags?post=8135"}],"curies":[{"name":"wp","href":"https:\/\/api.w.org\/{rel}","templated":true}]}}