{"id":6797,"date":"2022-10-18T10:23:32","date_gmt":"2022-10-18T10:23:32","guid":{"rendered":"https:\/\/www.grupovertice.com\/blog\/?p=6797"},"modified":"2022-10-18T10:39:44","modified_gmt":"2022-10-18T10:39:44","slug":"ymca-en-malaga-desarrolla-jornadas-formativas-en-pro-de-la-igualdad","status":"publish","type":"post","link":"https:\/\/grupovertice.com\/blog\/ymca-en-malaga-desarrolla-jornadas-formativas-en-pro-de-la-igualdad\/","title":{"rendered":"YMCA en M\u00e1laga desarrolla jornadas formativas en pro de la igualdad"},"content":{"rendered":"<p class=\"voc-paragraph\">El objetivo de YMCA es dar soporte a empresas sensibles con la igualdad de g\u00e9nero en el empleo, facilit\u00e1ndoles recursos para que estas incorporen el valor de la igualdad como principio estrat\u00e9gico corporativo y apuesten por el talento femenino.<\/p>\n<p class=\"voc-paragraph\">El programa Red Gener@Igualdad est\u00e1 teniendo muy buena acogida entre el tejido empresarial malague\u00f1o, ya que empresas como Audiolis, Grupo La Pole, Cemosa, Grupo V\u00e9rtice, Freepik, Museo Carmen Thyssen, Museo Automovil\u00edstico y de la Moda y muchas m\u00e1s ya colaboran de manera activa en el mismo.<\/p>\n<hr \/>\n<p><em><strong><a href=\"https:\/\/www.diariosur.es\/economia\/empresas-malaguenas\/ymca-malaga-desarrolla-jornadas-formativas-igualdad-20221010000404-ntvo.html#vca=fixed-btn&amp;vso=rrss&amp;vmc=lk&amp;vli=Empresas-malague%C3%B1as\">Diario Sur<\/a><\/strong><\/em><\/p>\n","protected":false},"excerpt":{"rendered":"<p>El objetivo de YMCA es dar soporte a empresas sensibles con la igualdad de g\u00e9nero en el empleo, facilit\u00e1ndoles recursos<\/p>\n","protected":false},"author":10,"featured_media":6804,"comment_status":"open","ping_status":"open","sticky":false,"template":"","format":"standard","meta":{"_monsterinsights_skip_tracking":false,"_monsterinsights_sitenote_active":false,"_monsterinsights_sitenote_note":"","_monsterinsights_sitenote_category":0},"categories":[394],"tags":[],"yoast_head":"<!-- This site is optimized with the Yoast SEO plugin v17.2 - https:\/\/yoast.com\/wordpress\/plugins\/seo\/ -->\n<title>YMCA en M\u00e1laga desarrolla jornadas formativas en pro de la igualdad - V\u00c9RTICE<\/title>\n<meta name=\"description\" content=\"YMCA trae a M\u00e1laga el programa &quot;Red Gener@Igualdad&quot;. Su objetivo es dar soporte a empresas con jornadas formativas sobre igualdad de g\u00e9nero.\" \/>\n<meta name=\"robots\" content=\"index, follow, max-snippet:-1, max-image-preview:large, max-video-preview:-1\" \/>\n<link rel=\"canonical\" href=\"https:\/\/grupovertice.com\/blog\/ymca-en-malaga-desarrolla-jornadas-formativas-en-pro-de-la-igualdad\/\" \/>\n<meta property=\"og:locale\" content=\"es_ES\" \/>\n<meta property=\"og:type\" content=\"article\" \/>\n<meta property=\"og:title\" content=\"YMCA en M\u00e1laga desarrolla jornadas formativas en pro de la igualdad - V\u00c9RTICE\" \/>\n<meta property=\"og:description\" content=\"YMCA trae a M\u00e1laga el programa &quot;Red Gener@Igualdad&quot;. Su objetivo es dar soporte a empresas con jornadas formativas sobre igualdad de g\u00e9nero.\" \/>\n<meta property=\"og:url\" content=\"https:\/\/grupovertice.com\/blog\/ymca-en-malaga-desarrolla-jornadas-formativas-en-pro-de-la-igualdad\/\" \/>\n<meta property=\"og:site_name\" content=\"V\u00c9RTICE\" \/>\n<meta property=\"article:published_time\" content=\"2022-10-18T10:23:32+00:00\" \/>\n<meta property=\"article:modified_time\" content=\"2022-10-18T10:39:44+00:00\" \/>\n<meta property=\"og:image\" content=\"https:\/\/www.vertice.org\/blog\/wp-content\/uploads\/2022\/10\/la-tarde-aqui-y-ahora-1.jpg\" \/>\n\t<meta property=\"og:image:width\" content=\"1280\" \/>\n\t<meta property=\"og:image:height\" content=\"718\" \/>\n<meta name=\"twitter:card\" content=\"summary\" \/>\n<meta name=\"twitter:label1\" content=\"Escrito por\" \/>\n\t<meta name=\"twitter:data1\" content=\"Johana M\u00e1rquez Salas\" \/>\n<script type=\"application\/ld+json\" class=\"yoast-schema-graph\">{\"@context\":\"https:\/\/schema.org\",\"@graph\":[{\"@type\":\"WebSite\",\"@id\":\"https:\/\/grupovertice.com\/blog\/#website\",\"url\":\"https:\/\/grupovertice.com\/blog\/\",\"name\":\"V\\u00c9RTICE\",\"description\":\"BLOG DE FORMACI\\u00d3N Y EMPLEO\",\"potentialAction\":[{\"@type\":\"SearchAction\",\"target\":{\"@type\":\"EntryPoint\",\"urlTemplate\":\"https:\/\/grupovertice.com\/blog\/?s={search_term_string}\"},\"query-input\":\"required name=search_term_string\"}],\"inLanguage\":\"es\"},{\"@type\":\"ImageObject\",\"@id\":\"https:\/\/grupovertice.com\/blog\/ymca-en-malaga-desarrolla-jornadas-formativas-en-pro-de-la-igualdad\/#primaryimage\",\"inLanguage\":\"es\",\"url\":\"https:\/\/grupovertice.com\/blog\/wp-content\/uploads\/2022\/10\/la-tarde-aqui-y-ahora-1.jpg\",\"contentUrl\":\"https:\/\/grupovertice.com\/blog\/wp-content\/uploads\/2022\/10\/la-tarde-aqui-y-ahora-1.jpg\",\"width\":1280,\"height\":718,\"caption\":\"YMCA en M\\u00e1laga desarrolla jornadas formativas en pro de la igualdad\"},{\"@type\":\"WebPage\",\"@id\":\"https:\/\/grupovertice.com\/blog\/ymca-en-malaga-desarrolla-jornadas-formativas-en-pro-de-la-igualdad\/#webpage\",\"url\":\"https:\/\/grupovertice.com\/blog\/ymca-en-malaga-desarrolla-jornadas-formativas-en-pro-de-la-igualdad\/\",\"name\":\"YMCA en M\\u00e1laga desarrolla jornadas formativas en pro de la igualdad - V\\u00c9RTICE\",\"isPartOf\":{\"@id\":\"https:\/\/grupovertice.com\/blog\/#website\"},\"primaryImageOfPage\":{\"@id\":\"https:\/\/grupovertice.com\/blog\/ymca-en-malaga-desarrolla-jornadas-formativas-en-pro-de-la-igualdad\/#primaryimage\"},\"datePublished\":\"2022-10-18T10:23:32+00:00\",\"dateModified\":\"2022-10-18T10:39:44+00:00\",\"author\":{\"@id\":\"https:\/\/grupovertice.com\/blog\/#\/schema\/person\/01ac9ae09e074c7cc591133b4182deab\"},\"description\":\"YMCA trae a M\\u00e1laga el programa \\\"Red Gener@Igualdad\\\". Su objetivo es dar soporte a empresas con jornadas formativas sobre igualdad de g\\u00e9nero.\",\"breadcrumb\":{\"@id\":\"https:\/\/grupovertice.com\/blog\/ymca-en-malaga-desarrolla-jornadas-formativas-en-pro-de-la-igualdad\/#breadcrumb\"},\"inLanguage\":\"es\",\"potentialAction\":[{\"@type\":\"ReadAction\",\"target\":[\"https:\/\/grupovertice.com\/blog\/ymca-en-malaga-desarrolla-jornadas-formativas-en-pro-de-la-igualdad\/\"]}]},{\"@type\":\"BreadcrumbList\",\"@id\":\"https:\/\/grupovertice.com\/blog\/ymca-en-malaga-desarrolla-jornadas-formativas-en-pro-de-la-igualdad\/#breadcrumb\",\"itemListElement\":[{\"@type\":\"ListItem\",\"position\":1,\"name\":\"Portada\",\"item\":\"https:\/\/grupovertice.com\/blog\/\"},{\"@type\":\"ListItem\",\"position\":2,\"name\":\"YMCA en M\\u00e1laga desarrolla jornadas formativas en pro de la igualdad\"}]},{\"@type\":\"Person\",\"@id\":\"https:\/\/grupovertice.com\/blog\/#\/schema\/person\/01ac9ae09e074c7cc591133b4182deab\",\"name\":\"Johana M\\u00e1rquez Salas\",\"image\":{\"@type\":\"ImageObject\",\"@id\":\"https:\/\/grupovertice.com\/blog\/#personlogo\",\"inLanguage\":\"es\",\"url\":\"https:\/\/secure.gravatar.com\/avatar\/e947e58dcb289fc095ef770d856719cf?s=96&d=mm&r=g\",\"contentUrl\":\"https:\/\/secure.gravatar.com\/avatar\/e947e58dcb289fc095ef770d856719cf?s=96&d=mm&r=g\",\"caption\":\"Johana M\\u00e1rquez Salas\"},\"sameAs\":[\"http:\/\/vertice.org\/blog\"],\"url\":\"https:\/\/grupovertice.com\/blog\/author\/jmarquez\/\"}]}<\/script>\n<!-- \/ Yoast SEO plugin. -->","yoast_head_json":{"title":"YMCA en M\u00e1laga desarrolla jornadas formativas en pro de la igualdad - V\u00c9RTICE","description":"YMCA trae a M\u00e1laga el programa \"Red Gener@Igualdad\". Su objetivo es dar soporte a empresas con jornadas formativas sobre igualdad de g\u00e9nero.","robots":{"index":"index","follow":"follow","max-snippet":"max-snippet:-1","max-image-preview":"max-image-preview:large","max-video-preview":"max-video-preview:-1"},"canonical":"https:\/\/grupovertice.com\/blog\/ymca-en-malaga-desarrolla-jornadas-formativas-en-pro-de-la-igualdad\/","og_locale":"es_ES","og_type":"article","og_title":"YMCA en M\u00e1laga desarrolla jornadas formativas en pro de la igualdad - V\u00c9RTICE","og_description":"YMCA trae a M\u00e1laga el programa \"Red Gener@Igualdad\". Su objetivo es dar soporte a empresas con jornadas formativas sobre igualdad de g\u00e9nero.","og_url":"https:\/\/grupovertice.com\/blog\/ymca-en-malaga-desarrolla-jornadas-formativas-en-pro-de-la-igualdad\/","og_site_name":"V\u00c9RTICE","article_published_time":"2022-10-18T10:23:32+00:00","article_modified_time":"2022-10-18T10:39:44+00:00","og_image":[{"width":1280,"height":718,"url":"https:\/\/www.vertice.org\/blog\/wp-content\/uploads\/2022\/10\/la-tarde-aqui-y-ahora-1.jpg","path":"\/home\/vertice\/public_html\/blog\/wp-content\/uploads\/2022\/10\/la-tarde-aqui-y-ahora-1.jpg","size":"full","id":6804,"alt":"YMCA en M\u00e1laga desarrolla jornadas formativas en pro de la igualdad","pixels":919040,"type":"image\/jpeg"}],"twitter_card":"summary","twitter_misc":{"Escrito por":"Johana M\u00e1rquez Salas"},"schema":{"@context":"https:\/\/schema.org","@graph":[{"@type":"WebSite","@id":"https:\/\/grupovertice.com\/blog\/#website","url":"https:\/\/grupovertice.com\/blog\/","name":"V\u00c9RTICE","description":"BLOG DE FORMACI\u00d3N Y EMPLEO","potentialAction":[{"@type":"SearchAction","target":{"@type":"EntryPoint","urlTemplate":"https:\/\/grupovertice.com\/blog\/?s={search_term_string}"},"query-input":"required name=search_term_string"}],"inLanguage":"es"},{"@type":"ImageObject","@id":"https:\/\/grupovertice.com\/blog\/ymca-en-malaga-desarrolla-jornadas-formativas-en-pro-de-la-igualdad\/#primaryimage","inLanguage":"es","url":"https:\/\/grupovertice.com\/blog\/wp-content\/uploads\/2022\/10\/la-tarde-aqui-y-ahora-1.jpg","contentUrl":"https:\/\/grupovertice.com\/blog\/wp-content\/uploads\/2022\/10\/la-tarde-aqui-y-ahora-1.jpg","width":1280,"height":718,"caption":"YMCA en M\u00e1laga desarrolla jornadas formativas en pro de la igualdad"},{"@type":"WebPage","@id":"https:\/\/grupovertice.com\/blog\/ymca-en-malaga-desarrolla-jornadas-formativas-en-pro-de-la-igualdad\/#webpage","url":"https:\/\/grupovertice.com\/blog\/ymca-en-malaga-desarrolla-jornadas-formativas-en-pro-de-la-igualdad\/","name":"YMCA en M\u00e1laga desarrolla jornadas formativas en pro de la igualdad - V\u00c9RTICE","isPartOf":{"@id":"https:\/\/grupovertice.com\/blog\/#website"},"primaryImageOfPage":{"@id":"https:\/\/grupovertice.com\/blog\/ymca-en-malaga-desarrolla-jornadas-formativas-en-pro-de-la-igualdad\/#primaryimage"},"datePublished":"2022-10-18T10:23:32+00:00","dateModified":"2022-10-18T10:39:44+00:00","author":{"@id":"https:\/\/grupovertice.com\/blog\/#\/schema\/person\/01ac9ae09e074c7cc591133b4182deab"},"description":"YMCA trae a M\u00e1laga el programa \"Red Gener@Igualdad\". Su objetivo es dar soporte a empresas con jornadas formativas sobre igualdad de g\u00e9nero.","breadcrumb":{"@id":"https:\/\/grupovertice.com\/blog\/ymca-en-malaga-desarrolla-jornadas-formativas-en-pro-de-la-igualdad\/#breadcrumb"},"inLanguage":"es","potentialAction":[{"@type":"ReadAction","target":["https:\/\/grupovertice.com\/blog\/ymca-en-malaga-desarrolla-jornadas-formativas-en-pro-de-la-igualdad\/"]}]},{"@type":"BreadcrumbList","@id":"https:\/\/grupovertice.com\/blog\/ymca-en-malaga-desarrolla-jornadas-formativas-en-pro-de-la-igualdad\/#breadcrumb","itemListElement":[{"@type":"ListItem","position":1,"name":"Portada","item":"https:\/\/grupovertice.com\/blog\/"},{"@type":"ListItem","position":2,"name":"YMCA en M\u00e1laga desarrolla jornadas formativas en pro de la igualdad"}]},{"@type":"Person","@id":"https:\/\/grupovertice.com\/blog\/#\/schema\/person\/01ac9ae09e074c7cc591133b4182deab","name":"Johana M\u00e1rquez Salas","image":{"@type":"ImageObject","@id":"https:\/\/grupovertice.com\/blog\/#personlogo","inLanguage":"es","url":"https:\/\/secure.gravatar.com\/avatar\/e947e58dcb289fc095ef770d856719cf?s=96&d=mm&r=g","contentUrl":"https:\/\/secure.gravatar.com\/avatar\/e947e58dcb289fc095ef770d856719cf?s=96&d=mm&r=g","caption":"Johana M\u00e1rquez Salas"},"sameAs":["http:\/\/vertice.org\/blog"],"url":"https:\/\/grupovertice.com\/blog\/author\/jmarquez\/"}]}},"fimg_url":"https:\/\/grupovertice.com\/blog\/wp-content\/uploads\/2022\/10\/la-tarde-aqui-y-ahora-1.jpg","categories_names":["Sala de Prensa"],"medio":"","clean-title":true,"_links":{"self":[{"href":"https:\/\/grupovertice.com\/blog\/wp-json\/wp\/v2\/posts\/6797"}],"collection":[{"href":"https:\/\/grupovertice.com\/blog\/wp-json\/wp\/v2\/posts"}],"about":[{"href":"https:\/\/grupovertice.com\/blog\/wp-json\/wp\/v2\/types\/post"}],"author":[{"embeddable":true,"href":"https:\/\/grupovertice.com\/blog\/wp-json\/wp\/v2\/users\/10"}],"replies":[{"embeddable":true,"href":"https:\/\/grupovertice.com\/blog\/wp-json\/wp\/v2\/comments?post=6797"}],"version-history":[{"count":2,"href":"https:\/\/grupovertice.com\/blog\/wp-json\/wp\/v2\/posts\/6797\/revisions"}],"predecessor-version":[{"id":6805,"href":"https:\/\/grupovertice.com\/blog\/wp-json\/wp\/v2\/posts\/6797\/revisions\/6805"}],"wp:featuredmedia":[{"embeddable":true,"href":"https:\/\/grupovertice.com\/blog\/wp-json\/wp\/v2\/media\/6804"}],"wp:attachment":[{"href":"https:\/\/grupovertice.com\/blog\/wp-json\/wp\/v2\/media?parent=6797"}],"wp:term":[{"taxonomy":"category","embeddable":true,"href":"https:\/\/grupovertice.com\/blog\/wp-json\/wp\/v2\/categories?post=6797"},{"taxonomy":"post_tag","embeddable":true,"href":"https:\/\/grupovertice.com\/blog\/wp-json\/wp\/v2\/tags?post=6797"}],"curies":[{"name":"wp","href":"https:\/\/api.w.org\/{rel}","templated":true}]}}