{"id":6626,"date":"2022-05-18T16:50:12","date_gmt":"2022-05-18T16:50:12","guid":{"rendered":"https:\/\/www.grupovertice.com\/blog\/?p=6626"},"modified":"2022-05-19T15:01:29","modified_gmt":"2022-05-19T15:01:29","slug":"fundacion-juan-cruzado-galardonada-premios-diadeinternet","status":"publish","type":"post","link":"https:\/\/grupovertice.com\/blog\/fundacion-juan-cruzado-galardonada-premios-diadeinternet\/","title":{"rendered":"La Fundaci\u00f3n Juan Cruzado, galardonada en los Premios del D\u00eda International de Internet"},"content":{"rendered":"<p class=\"entry-sub-title\">CUIDADORES-10: Comunidad 3.0 obtuvo el Premio de Internet en la categor\u00eda de Envejecimiento Saludable por este portal online.<\/p>\n<p><a href=\"https:\/\/www.vidaeconomica.com\/2022\/05\/la-fundacion-juan-cruzado-vertice-salud-galardonada-en-los-premios-del-dia-international-de-internet\/\">Vida Econ\u00f3mica<\/a><\/p>\n<p><a href=\"https:\/\/prnoticias.com\/2022\/05\/18\/la-fundacion-juan-cruzado-vertice-salud-galardonada-en-los-premios-del-dia-international-de-internet\/?amp=1\">prnoticias.com<\/a><\/p>\n<hr \/>\n<p>Tambi\u00e9n puede interesarte:<\/p>\n<ul>\n<li><a href=\"https:\/\/www.vertice.org\/blog\/lideres-internacionales-en-elearning\/\">L\u00edderes internacionales en eLearning<\/a><\/li>\n<\/ul>\n","protected":false},"excerpt":{"rendered":"<p>CUIDADORES-10: Comunidad 3.0 obtuvo el Premio de Internet en la categor\u00eda de Envejecimiento Saludable por este portal online. Vida Econ\u00f3mica<\/p>\n","protected":false},"author":10,"featured_media":6627,"comment_status":"open","ping_status":"open","sticky":false,"template":"","format":"standard","meta":{"_monsterinsights_skip_tracking":false,"_monsterinsights_sitenote_active":false,"_monsterinsights_sitenote_note":"","_monsterinsights_sitenote_category":0},"categories":[394],"tags":[],"yoast_head":"<!-- This site is optimized with the Yoast SEO plugin v17.2 - https:\/\/yoast.com\/wordpress\/plugins\/seo\/ -->\n<title>La Fundaci\u00f3n Juan Cruzado, galardonada en los Premios del D\u00eda International de Internet - V\u00c9RTICE<\/title>\n<meta name=\"description\" content=\"Los #premiosdeinternet premia en la categor\u00eda Envejecimiento Saludable la labor de Fundaci\u00f3n Juan Cruzado con su proyecto CUIDADORES-10.\" \/>\n<meta name=\"robots\" content=\"index, follow, max-snippet:-1, max-image-preview:large, max-video-preview:-1\" \/>\n<link rel=\"canonical\" href=\"https:\/\/grupovertice.com\/blog\/fundacion-juan-cruzado-galardonada-premios-diadeinternet\/\" \/>\n<meta property=\"og:locale\" content=\"es_ES\" \/>\n<meta property=\"og:type\" content=\"article\" \/>\n<meta property=\"og:title\" content=\"La Fundaci\u00f3n Juan Cruzado, galardonada en los Premios del D\u00eda International de Internet - V\u00c9RTICE\" \/>\n<meta property=\"og:description\" content=\"Los #premiosdeinternet premia en la categor\u00eda Envejecimiento Saludable la labor de Fundaci\u00f3n Juan Cruzado con su proyecto CUIDADORES-10.\" \/>\n<meta property=\"og:url\" content=\"https:\/\/grupovertice.com\/blog\/fundacion-juan-cruzado-galardonada-premios-diadeinternet\/\" \/>\n<meta property=\"og:site_name\" content=\"V\u00c9RTICE\" \/>\n<meta property=\"article:published_time\" content=\"2022-05-18T16:50:12+00:00\" \/>\n<meta property=\"article:modified_time\" content=\"2022-05-19T15:01:29+00:00\" \/>\n<meta property=\"og:image\" content=\"https:\/\/www.vertice.org\/blog\/wp-content\/uploads\/2022\/05\/premios-de-internet-fundacion-vertice-juan-cruzado.jpg\" \/>\n\t<meta property=\"og:image:width\" content=\"1200\" \/>\n\t<meta property=\"og:image:height\" content=\"667\" \/>\n<meta name=\"twitter:card\" content=\"summary\" \/>\n<meta name=\"twitter:label1\" content=\"Escrito por\" \/>\n\t<meta name=\"twitter:data1\" content=\"Johana M\u00e1rquez Salas\" \/>\n<script type=\"application\/ld+json\" class=\"yoast-schema-graph\">{\"@context\":\"https:\/\/schema.org\",\"@graph\":[{\"@type\":\"WebSite\",\"@id\":\"https:\/\/grupovertice.com\/blog\/#website\",\"url\":\"https:\/\/grupovertice.com\/blog\/\",\"name\":\"V\\u00c9RTICE\",\"description\":\"BLOG DE FORMACI\\u00d3N Y EMPLEO\",\"potentialAction\":[{\"@type\":\"SearchAction\",\"target\":{\"@type\":\"EntryPoint\",\"urlTemplate\":\"https:\/\/grupovertice.com\/blog\/?s={search_term_string}\"},\"query-input\":\"required name=search_term_string\"}],\"inLanguage\":\"es\"},{\"@type\":\"ImageObject\",\"@id\":\"https:\/\/grupovertice.com\/blog\/fundacion-juan-cruzado-galardonada-premios-diadeinternet\/#primaryimage\",\"inLanguage\":\"es\",\"url\":\"https:\/\/grupovertice.com\/blog\/wp-content\/uploads\/2022\/05\/premios-de-internet-fundacion-vertice-juan-cruzado.jpg\",\"contentUrl\":\"https:\/\/grupovertice.com\/blog\/wp-content\/uploads\/2022\/05\/premios-de-internet-fundacion-vertice-juan-cruzado.jpg\",\"width\":1200,\"height\":667,\"caption\":\"premios-de-internet-fundacion-vertice-juan-cruzado\"},{\"@type\":\"WebPage\",\"@id\":\"https:\/\/grupovertice.com\/blog\/fundacion-juan-cruzado-galardonada-premios-diadeinternet\/#webpage\",\"url\":\"https:\/\/grupovertice.com\/blog\/fundacion-juan-cruzado-galardonada-premios-diadeinternet\/\",\"name\":\"La Fundaci\\u00f3n Juan Cruzado, galardonada en los Premios del D\\u00eda International de Internet - V\\u00c9RTICE\",\"isPartOf\":{\"@id\":\"https:\/\/grupovertice.com\/blog\/#website\"},\"primaryImageOfPage\":{\"@id\":\"https:\/\/grupovertice.com\/blog\/fundacion-juan-cruzado-galardonada-premios-diadeinternet\/#primaryimage\"},\"datePublished\":\"2022-05-18T16:50:12+00:00\",\"dateModified\":\"2022-05-19T15:01:29+00:00\",\"author\":{\"@id\":\"https:\/\/grupovertice.com\/blog\/#\/schema\/person\/01ac9ae09e074c7cc591133b4182deab\"},\"description\":\"Los #premiosdeinternet premia en la categor\\u00eda Envejecimiento Saludable la labor de Fundaci\\u00f3n Juan Cruzado con su proyecto CUIDADORES-10.\",\"breadcrumb\":{\"@id\":\"https:\/\/grupovertice.com\/blog\/fundacion-juan-cruzado-galardonada-premios-diadeinternet\/#breadcrumb\"},\"inLanguage\":\"es\",\"potentialAction\":[{\"@type\":\"ReadAction\",\"target\":[\"https:\/\/grupovertice.com\/blog\/fundacion-juan-cruzado-galardonada-premios-diadeinternet\/\"]}]},{\"@type\":\"BreadcrumbList\",\"@id\":\"https:\/\/grupovertice.com\/blog\/fundacion-juan-cruzado-galardonada-premios-diadeinternet\/#breadcrumb\",\"itemListElement\":[{\"@type\":\"ListItem\",\"position\":1,\"name\":\"Portada\",\"item\":\"https:\/\/grupovertice.com\/blog\/\"},{\"@type\":\"ListItem\",\"position\":2,\"name\":\"La Fundaci\\u00f3n Juan Cruzado, galardonada en los Premios del D\\u00eda International de Internet\"}]},{\"@type\":\"Person\",\"@id\":\"https:\/\/grupovertice.com\/blog\/#\/schema\/person\/01ac9ae09e074c7cc591133b4182deab\",\"name\":\"Johana M\\u00e1rquez Salas\",\"image\":{\"@type\":\"ImageObject\",\"@id\":\"https:\/\/grupovertice.com\/blog\/#personlogo\",\"inLanguage\":\"es\",\"url\":\"https:\/\/secure.gravatar.com\/avatar\/e947e58dcb289fc095ef770d856719cf?s=96&d=mm&r=g\",\"contentUrl\":\"https:\/\/secure.gravatar.com\/avatar\/e947e58dcb289fc095ef770d856719cf?s=96&d=mm&r=g\",\"caption\":\"Johana M\\u00e1rquez Salas\"},\"sameAs\":[\"http:\/\/vertice.org\/blog\"],\"url\":\"https:\/\/grupovertice.com\/blog\/author\/jmarquez\/\"}]}<\/script>\n<!-- \/ Yoast SEO plugin. -->","yoast_head_json":{"title":"La Fundaci\u00f3n Juan Cruzado, galardonada en los Premios del D\u00eda International de Internet - V\u00c9RTICE","description":"Los #premiosdeinternet premia en la categor\u00eda Envejecimiento Saludable la labor de Fundaci\u00f3n Juan Cruzado con su proyecto CUIDADORES-10.","robots":{"index":"index","follow":"follow","max-snippet":"max-snippet:-1","max-image-preview":"max-image-preview:large","max-video-preview":"max-video-preview:-1"},"canonical":"https:\/\/grupovertice.com\/blog\/fundacion-juan-cruzado-galardonada-premios-diadeinternet\/","og_locale":"es_ES","og_type":"article","og_title":"La Fundaci\u00f3n Juan Cruzado, galardonada en los Premios del D\u00eda International de Internet - V\u00c9RTICE","og_description":"Los #premiosdeinternet premia en la categor\u00eda Envejecimiento Saludable la labor de Fundaci\u00f3n Juan Cruzado con su proyecto CUIDADORES-10.","og_url":"https:\/\/grupovertice.com\/blog\/fundacion-juan-cruzado-galardonada-premios-diadeinternet\/","og_site_name":"V\u00c9RTICE","article_published_time":"2022-05-18T16:50:12+00:00","article_modified_time":"2022-05-19T15:01:29+00:00","og_image":[{"width":1200,"height":667,"url":"https:\/\/www.vertice.org\/blog\/wp-content\/uploads\/2022\/05\/premios-de-internet-fundacion-vertice-juan-cruzado.jpg","path":"\/home\/vertice\/public_html\/blog\/wp-content\/uploads\/2022\/05\/premios-de-internet-fundacion-vertice-juan-cruzado.jpg","size":"full","id":6627,"alt":"premios-de-internet-fundacion-vertice-juan-cruzado","pixels":800400,"type":"image\/jpeg"}],"twitter_card":"summary","twitter_misc":{"Escrito por":"Johana M\u00e1rquez Salas"},"schema":{"@context":"https:\/\/schema.org","@graph":[{"@type":"WebSite","@id":"https:\/\/grupovertice.com\/blog\/#website","url":"https:\/\/grupovertice.com\/blog\/","name":"V\u00c9RTICE","description":"BLOG DE FORMACI\u00d3N Y EMPLEO","potentialAction":[{"@type":"SearchAction","target":{"@type":"EntryPoint","urlTemplate":"https:\/\/grupovertice.com\/blog\/?s={search_term_string}"},"query-input":"required name=search_term_string"}],"inLanguage":"es"},{"@type":"ImageObject","@id":"https:\/\/grupovertice.com\/blog\/fundacion-juan-cruzado-galardonada-premios-diadeinternet\/#primaryimage","inLanguage":"es","url":"https:\/\/grupovertice.com\/blog\/wp-content\/uploads\/2022\/05\/premios-de-internet-fundacion-vertice-juan-cruzado.jpg","contentUrl":"https:\/\/grupovertice.com\/blog\/wp-content\/uploads\/2022\/05\/premios-de-internet-fundacion-vertice-juan-cruzado.jpg","width":1200,"height":667,"caption":"premios-de-internet-fundacion-vertice-juan-cruzado"},{"@type":"WebPage","@id":"https:\/\/grupovertice.com\/blog\/fundacion-juan-cruzado-galardonada-premios-diadeinternet\/#webpage","url":"https:\/\/grupovertice.com\/blog\/fundacion-juan-cruzado-galardonada-premios-diadeinternet\/","name":"La Fundaci\u00f3n Juan Cruzado, galardonada en los Premios del D\u00eda International de Internet - V\u00c9RTICE","isPartOf":{"@id":"https:\/\/grupovertice.com\/blog\/#website"},"primaryImageOfPage":{"@id":"https:\/\/grupovertice.com\/blog\/fundacion-juan-cruzado-galardonada-premios-diadeinternet\/#primaryimage"},"datePublished":"2022-05-18T16:50:12+00:00","dateModified":"2022-05-19T15:01:29+00:00","author":{"@id":"https:\/\/grupovertice.com\/blog\/#\/schema\/person\/01ac9ae09e074c7cc591133b4182deab"},"description":"Los #premiosdeinternet premia en la categor\u00eda Envejecimiento Saludable la labor de Fundaci\u00f3n Juan Cruzado con su proyecto CUIDADORES-10.","breadcrumb":{"@id":"https:\/\/grupovertice.com\/blog\/fundacion-juan-cruzado-galardonada-premios-diadeinternet\/#breadcrumb"},"inLanguage":"es","potentialAction":[{"@type":"ReadAction","target":["https:\/\/grupovertice.com\/blog\/fundacion-juan-cruzado-galardonada-premios-diadeinternet\/"]}]},{"@type":"BreadcrumbList","@id":"https:\/\/grupovertice.com\/blog\/fundacion-juan-cruzado-galardonada-premios-diadeinternet\/#breadcrumb","itemListElement":[{"@type":"ListItem","position":1,"name":"Portada","item":"https:\/\/grupovertice.com\/blog\/"},{"@type":"ListItem","position":2,"name":"La Fundaci\u00f3n Juan Cruzado, galardonada en los Premios del D\u00eda International de Internet"}]},{"@type":"Person","@id":"https:\/\/grupovertice.com\/blog\/#\/schema\/person\/01ac9ae09e074c7cc591133b4182deab","name":"Johana M\u00e1rquez Salas","image":{"@type":"ImageObject","@id":"https:\/\/grupovertice.com\/blog\/#personlogo","inLanguage":"es","url":"https:\/\/secure.gravatar.com\/avatar\/e947e58dcb289fc095ef770d856719cf?s=96&d=mm&r=g","contentUrl":"https:\/\/secure.gravatar.com\/avatar\/e947e58dcb289fc095ef770d856719cf?s=96&d=mm&r=g","caption":"Johana M\u00e1rquez Salas"},"sameAs":["http:\/\/vertice.org\/blog"],"url":"https:\/\/grupovertice.com\/blog\/author\/jmarquez\/"}]}},"fimg_url":"https:\/\/grupovertice.com\/blog\/wp-content\/uploads\/2022\/05\/premios-de-internet-fundacion-vertice-juan-cruzado.jpg","categories_names":["Sala de Prensa"],"medio":"","clean-title":true,"_links":{"self":[{"href":"https:\/\/grupovertice.com\/blog\/wp-json\/wp\/v2\/posts\/6626"}],"collection":[{"href":"https:\/\/grupovertice.com\/blog\/wp-json\/wp\/v2\/posts"}],"about":[{"href":"https:\/\/grupovertice.com\/blog\/wp-json\/wp\/v2\/types\/post"}],"author":[{"embeddable":true,"href":"https:\/\/grupovertice.com\/blog\/wp-json\/wp\/v2\/users\/10"}],"replies":[{"embeddable":true,"href":"https:\/\/grupovertice.com\/blog\/wp-json\/wp\/v2\/comments?post=6626"}],"version-history":[{"count":2,"href":"https:\/\/grupovertice.com\/blog\/wp-json\/wp\/v2\/posts\/6626\/revisions"}],"predecessor-version":[{"id":6629,"href":"https:\/\/grupovertice.com\/blog\/wp-json\/wp\/v2\/posts\/6626\/revisions\/6629"}],"wp:featuredmedia":[{"embeddable":true,"href":"https:\/\/grupovertice.com\/blog\/wp-json\/wp\/v2\/media\/6627"}],"wp:attachment":[{"href":"https:\/\/grupovertice.com\/blog\/wp-json\/wp\/v2\/media?parent=6626"}],"wp:term":[{"taxonomy":"category","embeddable":true,"href":"https:\/\/grupovertice.com\/blog\/wp-json\/wp\/v2\/categories?post=6626"},{"taxonomy":"post_tag","embeddable":true,"href":"https:\/\/grupovertice.com\/blog\/wp-json\/wp\/v2\/tags?post=6626"}],"curies":[{"name":"wp","href":"https:\/\/api.w.org\/{rel}","templated":true}]}}