{"id":5507,"date":"2020-11-17T11:49:32","date_gmt":"2020-11-17T11:49:32","guid":{"rendered":"https:\/\/www.grupovertice.com\/blog\/?p=5507"},"modified":"2020-11-17T11:49:32","modified_gmt":"2020-11-17T11:49:32","slug":"campana-solidaria-recogida-potitos-2020","status":"publish","type":"post","link":"https:\/\/grupovertice.com\/blog\/campana-solidaria-recogida-potitos-2020\/","title":{"rendered":"\u00a1Campa\u00f1a solidaria de recogida de potitos 2020!"},"content":{"rendered":"<p><strong>Un a\u00f1o m\u00e1s y ya van 10, desde Fundaci\u00f3n V\u00e9rtice, comenzamos nuestra campa\u00f1a solidaria de recogida de potitos, Un Potito Por Navidad, que se destinan a la <a href=\"http:\/\/www.biberodromo.com\/\">ONG Biber\u00f3dromo<\/a>. Promovida como cada a\u00f1o por los trabajadores y trabajadoras de V\u00e9rtice. Biber\u00f3dromo es una asociaci\u00f3n ben\u00e9fica que atiende las necesidades b\u00e1sicas de ni\u00f1os y ni\u00f1as menores de dos a\u00f1os de familias sin recursos.<\/strong><\/p>\n<p>Este a\u00f1o, debido a la situaci\u00f3n actual que vivimos y a pesar de las complicaciones derivadas de las restricciones de movilidad, creemos primordial seguir ayudando a los ni\u00f1os con la recogida de potitos, porque las consecuencias econ\u00f3micas de esta crisis sanitaria est\u00e1n acrecentando las necesidades de los m\u00e1s desfavorecidos. Por ello nos hemos puesto manos a la obra para conseguir el m\u00e1ximo n\u00famero de potitos posible. \u00a1Juntos podremos ayudar a miles de familias y ni\u00f1os! Este a\u00f1o, de cara a facilitar la recogida de potitos, hemos puesto un \u00fanico <strong>PUNTO DE RECOGIDA: Calle Hilera 14, 29007, M\u00e1laga<\/strong>. Si no puedes venir a nuestras oficinas, puedes comprar tus potitos de forma ONLINE y enviarlos a esta direcci\u00f3n.<\/p>\n<p><a href=\"https:\/\/www.vertice.org\/blog\/wp-content\/uploads\/2020\/11\/ahorasi.png\"><img loading=\"lazy\" class=\"aligncenter size-full wp-image-5505\" src=\"https:\/\/www.vertice.org\/blog\/wp-content\/uploads\/2020\/11\/ahorasi.png\" alt=\"\" width=\"601\" height=\"300\" srcset=\"https:\/\/grupovertice.com\/blog\/wp-content\/uploads\/2020\/11\/ahorasi.png 601w, https:\/\/grupovertice.com\/blog\/wp-content\/uploads\/2020\/11\/ahorasi-300x150.png 300w\" sizes=\"(max-width: 601px) 100vw, 601px\" \/><\/a><\/p>\n<h6>\u00bfC\u00f3mo participar? \u00a1\u00a1Aqu\u00ed os dejamos consejos para ser embajadores de la campa\u00f1a \u201cUn potito por Navidad, una cena para ellos\u201d<\/h6>\n<ul>\n<li>Comprar potitos y donarlos presencialmente en el punto de Recogida habilitado.<\/li>\n<li>Realizar la donaci\u00f3n comprando online en cualquier supermercado, farmacias, etc. con tienda virtual o incluso en plataformas tipo Amazon. Al hacer env\u00edo, indicar la direcci\u00f3n de nuestro Punto de Recogida.<\/li>\n<li><a href=\"https:\/\/www.vertice.org\/unpotitopornavidad\/pdf\/cartel_potitos_imprenta.pdf\">Descargar el cartel<\/a> de la campa\u00f1a y facilitarlos a establecimientos relacionados con la infancia de vuestro entorno (farmacias, supermercados, tiendas infantiles,\u2026) convirti\u00e9ndolos tambi\u00e9n en Puntos de Recogida.<\/li>\n<li>Compartir la campa\u00f1a y el cartel, de f\u00e1cil descarga en cualquier dispositivo m\u00f3vil, para conseguir visibilidad y por tanto participaci\u00f3n en el proyecto.<\/li>\n<li>Participar activamente y publicar en tus redes sociales esta preciosa iniciativa e incentivar a la participaci\u00f3n \u00a1\u00a1Tenemos que hacerla viral a trav\u00e9s del hashtag #unpotitopornavidad!!<\/li>\n<li>Seguir la campa\u00f1a en las redes sociales de V\u00e9rtice y en nuestra p\u00e1gina web <a href=\"http:\/\/vertice.org\/unpotitopornavidad\/\">vertice.org\/unpotitopornavidad\/<\/a>, para ver su progreso.<\/li>\n<li>Y sobre todo, transmitir nuestra ilusi\u00f3n en el proyecto. Porque es un proyecto de todos y todas los trabajadores y trabajadoras de V\u00e9rtice, para ayudar a los que m\u00e1s lo necesitan.<\/li>\n<\/ul>\n<p>Ay\u00fadanos a ayudarles, forma parte de la campa\u00f1a solidaria de recogida de potitos a favor de los peque\u00f1os que m\u00e1s lo necesitan.<\/p>\n<p>Estamos a disposici\u00f3n de todo el que quiera ayudar en el correo <a href=\"mailto:comunicacion@vertice.org\"><strong>comunicacion@vertice.org<\/strong><\/a> o por tel\u00e9fono <strong>(+34) 952 040 533<\/strong> o <strong>(+34) 673 569 449<\/strong> .<\/p>\n<p>&nbsp;<\/p>\n<h6><strong>Otros enlaces de inter\u00e9s:<\/strong><\/h6>\n<h6><a href=\"https:\/\/www.vertice.org\/blog\/conocemos-la-ong-biberodromo\/\">\u00a1Conocemos a la ONG El Biber\u00f3dromo!<\/a><\/h6>\n","protected":false},"excerpt":{"rendered":"<p>Un a\u00f1o m\u00e1s y ya van 10, desde Fundaci\u00f3n V\u00e9rtice, comenzamos nuestra campa\u00f1a solidaria de recogida de potitos, Un Potito<\/p>\n","protected":false},"author":3,"featured_media":5505,"comment_status":"open","ping_status":"open","sticky":false,"template":"","format":"standard","meta":{"_monsterinsights_skip_tracking":false,"_monsterinsights_sitenote_active":false,"_monsterinsights_sitenote_note":"","_monsterinsights_sitenote_category":0},"categories":[7],"tags":[24,33,20,23,21,12],"yoast_head":"<!-- This site is optimized with the Yoast SEO plugin v17.2 - https:\/\/yoast.com\/wordpress\/plugins\/seo\/ -->\n<title>\u00a1Campa\u00f1a solidaria de recogida de potitos 2020! - V\u00c9RTICE<\/title>\n<meta name=\"description\" content=\"Desde Fundaci\u00f3n V\u00e9rtice, comenzamos nuestra campa\u00f1a solidaria de recogida de potitos, que se destinan a la ONG Biber\u00f3dromo.\" \/>\n<meta name=\"robots\" content=\"index, follow, max-snippet:-1, max-image-preview:large, max-video-preview:-1\" \/>\n<link rel=\"canonical\" href=\"https:\/\/grupovertice.com\/blog\/campana-solidaria-recogida-potitos-2020\/\" \/>\n<meta property=\"og:locale\" content=\"es_ES\" \/>\n<meta property=\"og:type\" content=\"article\" \/>\n<meta property=\"og:title\" content=\"\u00a1Campa\u00f1a solidaria de recogida de potitos 2020! - V\u00c9RTICE\" \/>\n<meta property=\"og:description\" content=\"Desde Fundaci\u00f3n V\u00e9rtice, comenzamos nuestra campa\u00f1a solidaria de recogida de potitos, que se destinan a la ONG Biber\u00f3dromo.\" \/>\n<meta property=\"og:url\" content=\"https:\/\/grupovertice.com\/blog\/campana-solidaria-recogida-potitos-2020\/\" \/>\n<meta property=\"og:site_name\" content=\"V\u00c9RTICE\" \/>\n<meta property=\"article:published_time\" content=\"2020-11-17T11:49:32+00:00\" \/>\n<meta property=\"og:image\" content=\"https:\/\/www.vertice.org\/blog\/wp-content\/uploads\/2020\/11\/ahorasi.png\" \/>\n\t<meta property=\"og:image:width\" content=\"601\" \/>\n\t<meta property=\"og:image:height\" content=\"300\" \/>\n<meta name=\"twitter:card\" content=\"summary\" \/>\n<meta name=\"twitter:label1\" content=\"Escrito por\" \/>\n\t<meta name=\"twitter:data1\" content=\"admin\" \/>\n\t<meta name=\"twitter:label2\" content=\"Tiempo de lectura\" \/>\n\t<meta name=\"twitter:data2\" content=\"2 minutos\" \/>\n<script type=\"application\/ld+json\" class=\"yoast-schema-graph\">{\"@context\":\"https:\/\/schema.org\",\"@graph\":[{\"@type\":\"WebSite\",\"@id\":\"https:\/\/grupovertice.com\/blog\/#website\",\"url\":\"https:\/\/grupovertice.com\/blog\/\",\"name\":\"V\\u00c9RTICE\",\"description\":\"BLOG DE FORMACI\\u00d3N Y EMPLEO\",\"potentialAction\":[{\"@type\":\"SearchAction\",\"target\":{\"@type\":\"EntryPoint\",\"urlTemplate\":\"https:\/\/grupovertice.com\/blog\/?s={search_term_string}\"},\"query-input\":\"required name=search_term_string\"}],\"inLanguage\":\"es\"},{\"@type\":\"ImageObject\",\"@id\":\"https:\/\/grupovertice.com\/blog\/campana-solidaria-recogida-potitos-2020\/#primaryimage\",\"inLanguage\":\"es\",\"url\":\"https:\/\/grupovertice.com\/blog\/wp-content\/uploads\/2020\/11\/ahorasi.png\",\"contentUrl\":\"https:\/\/grupovertice.com\/blog\/wp-content\/uploads\/2020\/11\/ahorasi.png\",\"width\":601,\"height\":300,\"caption\":\"Un Potito por Navidad \\u00a1Campa\\u00f1a solidaria de recogida de potitos 2020!\"},{\"@type\":\"WebPage\",\"@id\":\"https:\/\/grupovertice.com\/blog\/campana-solidaria-recogida-potitos-2020\/#webpage\",\"url\":\"https:\/\/grupovertice.com\/blog\/campana-solidaria-recogida-potitos-2020\/\",\"name\":\"\\u00a1Campa\\u00f1a solidaria de recogida de potitos 2020! - V\\u00c9RTICE\",\"isPartOf\":{\"@id\":\"https:\/\/grupovertice.com\/blog\/#website\"},\"primaryImageOfPage\":{\"@id\":\"https:\/\/grupovertice.com\/blog\/campana-solidaria-recogida-potitos-2020\/#primaryimage\"},\"datePublished\":\"2020-11-17T11:49:32+00:00\",\"dateModified\":\"2020-11-17T11:49:32+00:00\",\"author\":{\"@id\":\"https:\/\/grupovertice.com\/blog\/#\/schema\/person\/381663d1e3ca04704bf429d4614c78d8\"},\"description\":\"Desde Fundaci\\u00f3n V\\u00e9rtice, comenzamos nuestra campa\\u00f1a solidaria de recogida de potitos, que se destinan a la ONG Biber\\u00f3dromo.\",\"breadcrumb\":{\"@id\":\"https:\/\/grupovertice.com\/blog\/campana-solidaria-recogida-potitos-2020\/#breadcrumb\"},\"inLanguage\":\"es\",\"potentialAction\":[{\"@type\":\"ReadAction\",\"target\":[\"https:\/\/grupovertice.com\/blog\/campana-solidaria-recogida-potitos-2020\/\"]}]},{\"@type\":\"BreadcrumbList\",\"@id\":\"https:\/\/grupovertice.com\/blog\/campana-solidaria-recogida-potitos-2020\/#breadcrumb\",\"itemListElement\":[{\"@type\":\"ListItem\",\"position\":1,\"name\":\"Portada\",\"item\":\"https:\/\/grupovertice.com\/blog\/\"},{\"@type\":\"ListItem\",\"position\":2,\"name\":\"\\u00a1Campa\\u00f1a solidaria de recogida de potitos 2020!\"}]},{\"@type\":\"Person\",\"@id\":\"https:\/\/grupovertice.com\/blog\/#\/schema\/person\/381663d1e3ca04704bf429d4614c78d8\",\"name\":\"admin\",\"image\":{\"@type\":\"ImageObject\",\"@id\":\"https:\/\/grupovertice.com\/blog\/#personlogo\",\"inLanguage\":\"es\",\"url\":\"https:\/\/secure.gravatar.com\/avatar\/2df9ff9cd44a1e8b6c61018214076820?s=96&d=mm&r=g\",\"contentUrl\":\"https:\/\/secure.gravatar.com\/avatar\/2df9ff9cd44a1e8b6c61018214076820?s=96&d=mm&r=g\",\"caption\":\"admin\"},\"url\":\"https:\/\/grupovertice.com\/blog\/author\/adminvb\/\"}]}<\/script>\n<!-- \/ Yoast SEO plugin. -->","yoast_head_json":{"title":"\u00a1Campa\u00f1a solidaria de recogida de potitos 2020! - V\u00c9RTICE","description":"Desde Fundaci\u00f3n V\u00e9rtice, comenzamos nuestra campa\u00f1a solidaria de recogida de potitos, que se destinan a la ONG Biber\u00f3dromo.","robots":{"index":"index","follow":"follow","max-snippet":"max-snippet:-1","max-image-preview":"max-image-preview:large","max-video-preview":"max-video-preview:-1"},"canonical":"https:\/\/grupovertice.com\/blog\/campana-solidaria-recogida-potitos-2020\/","og_locale":"es_ES","og_type":"article","og_title":"\u00a1Campa\u00f1a solidaria de recogida de potitos 2020! - V\u00c9RTICE","og_description":"Desde Fundaci\u00f3n V\u00e9rtice, comenzamos nuestra campa\u00f1a solidaria de recogida de potitos, que se destinan a la ONG Biber\u00f3dromo.","og_url":"https:\/\/grupovertice.com\/blog\/campana-solidaria-recogida-potitos-2020\/","og_site_name":"V\u00c9RTICE","article_published_time":"2020-11-17T11:49:32+00:00","og_image":[{"width":601,"height":300,"url":"https:\/\/www.vertice.org\/blog\/wp-content\/uploads\/2020\/11\/ahorasi.png","path":"\/home\/vertice\/public_html\/blog\/wp-content\/uploads\/2020\/11\/ahorasi.png","size":"full","id":5505,"alt":"Un Potito por Navidad \u00a1Campa\u00f1a solidaria de recogida de potitos 2020!","pixels":180300,"type":"image\/png"}],"twitter_card":"summary","twitter_misc":{"Escrito por":"admin","Tiempo de lectura":"2 minutos"},"schema":{"@context":"https:\/\/schema.org","@graph":[{"@type":"WebSite","@id":"https:\/\/grupovertice.com\/blog\/#website","url":"https:\/\/grupovertice.com\/blog\/","name":"V\u00c9RTICE","description":"BLOG DE FORMACI\u00d3N Y EMPLEO","potentialAction":[{"@type":"SearchAction","target":{"@type":"EntryPoint","urlTemplate":"https:\/\/grupovertice.com\/blog\/?s={search_term_string}"},"query-input":"required name=search_term_string"}],"inLanguage":"es"},{"@type":"ImageObject","@id":"https:\/\/grupovertice.com\/blog\/campana-solidaria-recogida-potitos-2020\/#primaryimage","inLanguage":"es","url":"https:\/\/grupovertice.com\/blog\/wp-content\/uploads\/2020\/11\/ahorasi.png","contentUrl":"https:\/\/grupovertice.com\/blog\/wp-content\/uploads\/2020\/11\/ahorasi.png","width":601,"height":300,"caption":"Un Potito por Navidad \u00a1Campa\u00f1a solidaria de recogida de potitos 2020!"},{"@type":"WebPage","@id":"https:\/\/grupovertice.com\/blog\/campana-solidaria-recogida-potitos-2020\/#webpage","url":"https:\/\/grupovertice.com\/blog\/campana-solidaria-recogida-potitos-2020\/","name":"\u00a1Campa\u00f1a solidaria de recogida de potitos 2020! - V\u00c9RTICE","isPartOf":{"@id":"https:\/\/grupovertice.com\/blog\/#website"},"primaryImageOfPage":{"@id":"https:\/\/grupovertice.com\/blog\/campana-solidaria-recogida-potitos-2020\/#primaryimage"},"datePublished":"2020-11-17T11:49:32+00:00","dateModified":"2020-11-17T11:49:32+00:00","author":{"@id":"https:\/\/grupovertice.com\/blog\/#\/schema\/person\/381663d1e3ca04704bf429d4614c78d8"},"description":"Desde Fundaci\u00f3n V\u00e9rtice, comenzamos nuestra campa\u00f1a solidaria de recogida de potitos, que se destinan a la ONG Biber\u00f3dromo.","breadcrumb":{"@id":"https:\/\/grupovertice.com\/blog\/campana-solidaria-recogida-potitos-2020\/#breadcrumb"},"inLanguage":"es","potentialAction":[{"@type":"ReadAction","target":["https:\/\/grupovertice.com\/blog\/campana-solidaria-recogida-potitos-2020\/"]}]},{"@type":"BreadcrumbList","@id":"https:\/\/grupovertice.com\/blog\/campana-solidaria-recogida-potitos-2020\/#breadcrumb","itemListElement":[{"@type":"ListItem","position":1,"name":"Portada","item":"https:\/\/grupovertice.com\/blog\/"},{"@type":"ListItem","position":2,"name":"\u00a1Campa\u00f1a solidaria de recogida de potitos 2020!"}]},{"@type":"Person","@id":"https:\/\/grupovertice.com\/blog\/#\/schema\/person\/381663d1e3ca04704bf429d4614c78d8","name":"admin","image":{"@type":"ImageObject","@id":"https:\/\/grupovertice.com\/blog\/#personlogo","inLanguage":"es","url":"https:\/\/secure.gravatar.com\/avatar\/2df9ff9cd44a1e8b6c61018214076820?s=96&d=mm&r=g","contentUrl":"https:\/\/secure.gravatar.com\/avatar\/2df9ff9cd44a1e8b6c61018214076820?s=96&d=mm&r=g","caption":"admin"},"url":"https:\/\/grupovertice.com\/blog\/author\/adminvb\/"}]}},"fimg_url":"https:\/\/grupovertice.com\/blog\/wp-content\/uploads\/2020\/11\/ahorasi.png","categories_names":["RSC"],"medio":"","clean-title":true,"_links":{"self":[{"href":"https:\/\/grupovertice.com\/blog\/wp-json\/wp\/v2\/posts\/5507"}],"collection":[{"href":"https:\/\/grupovertice.com\/blog\/wp-json\/wp\/v2\/posts"}],"about":[{"href":"https:\/\/grupovertice.com\/blog\/wp-json\/wp\/v2\/types\/post"}],"author":[{"embeddable":true,"href":"https:\/\/grupovertice.com\/blog\/wp-json\/wp\/v2\/users\/3"}],"replies":[{"embeddable":true,"href":"https:\/\/grupovertice.com\/blog\/wp-json\/wp\/v2\/comments?post=5507"}],"version-history":[{"count":10,"href":"https:\/\/grupovertice.com\/blog\/wp-json\/wp\/v2\/posts\/5507\/revisions"}],"predecessor-version":[{"id":5517,"href":"https:\/\/grupovertice.com\/blog\/wp-json\/wp\/v2\/posts\/5507\/revisions\/5517"}],"wp:featuredmedia":[{"embeddable":true,"href":"https:\/\/grupovertice.com\/blog\/wp-json\/wp\/v2\/media\/5505"}],"wp:attachment":[{"href":"https:\/\/grupovertice.com\/blog\/wp-json\/wp\/v2\/media?parent=5507"}],"wp:term":[{"taxonomy":"category","embeddable":true,"href":"https:\/\/grupovertice.com\/blog\/wp-json\/wp\/v2\/categories?post=5507"},{"taxonomy":"post_tag","embeddable":true,"href":"https:\/\/grupovertice.com\/blog\/wp-json\/wp\/v2\/tags?post=5507"}],"curies":[{"name":"wp","href":"https:\/\/api.w.org\/{rel}","templated":true}]}}