{"id":4988,"date":"2019-04-11T15:07:05","date_gmt":"2019-04-11T15:07:05","guid":{"rendered":"https:\/\/www.grupovertice.com\/blog\/?p=4988"},"modified":"2019-04-11T15:09:12","modified_gmt":"2019-04-11T15:09:12","slug":"videoblog-experiencias-de-vertice-en-expoelearning-2019","status":"publish","type":"post","link":"https:\/\/grupovertice.com\/blog\/videoblog-experiencias-de-vertice-en-expoelearning-2019\/","title":{"rendered":"Videoblog- Experiencias de V\u00e9rtice en Expoelearning 2019"},"content":{"rendered":"<p>Durante los d\u00edas 28 y 29 de Marzo,<strong>\u00a0V\u00e9rtice<\/strong>\u00a0ha participado en\u00a0<a href=\"https:\/\/www.expoelearning.com\/\" target=\"_blank\" rel=\"noopener noreferrer\">Expoelearning 2019<\/a> una de las ferias m\u00e1s destacadas de sectores como el e_Learning, las TICs y los RRHH que se engloba en el marco de la <a href=\"http:\/\/www.ifema.es\/semanadelaeducacion_01\/\" target=\"_blank\" rel=\"noopener noreferrer\">Semana de la Educaci\u00f3n<\/a>.\u00a0 Un evento al que asistimos con la ilusi\u00f3n de encontrarnos con profesionales y colegas del sector para intercambiar experiencias y debatir sobre el futuro de la formaci\u00f3n online. Cada a\u00f1o nos enfrentamos ante el reto de presentar nuestras soluciones\u00a0<strong>e-Learning<\/strong>\u00a0y conectar con un p\u00fablico cada vez m\u00e1s exigente y concienciado sobre la importancia de innovar en el sector de la formaci\u00f3n online.<\/p>\n<p>Este a\u00f1o, V\u00e9rtice ha apostado por el\u00a0<strong><em>Los tres productos que har\u00e1n crecer tu empresa. <\/em><\/strong>Est\u00e1n compuestos por: una\u00a0<strong>Escuela Virtual de Soft Skills<\/strong>, con m\u00e1s de 30 contenidos de habilidades blandas, consideradas las habilidades m\u00e1s demandadas por profesionales y reci\u00e9n graduados.\u00a0<strong>Academia Online de Oposiciones<\/strong>\u00a0d\u00f3nde los Centros de Formaci\u00f3n podr\u00e1n ofrecer una soluci\u00f3n a sus alumnos de oposiciones, con un servicio\u00a0<em>\u201cllave en mano\u201d<\/em>\u00a0por el que s\u00f3lo pagar\u00e1n por alumno matriculado. Y un nuevo sistema dise\u00f1ado para que Empresas y Centros puedan elaborar sus propios m\u00e1steres y dar formaci\u00f3n de posgrado adaptada a sus necesidades formativas, que han denominado:\u00a0<strong>Crea tu propio M\u00e1ster<\/strong>.<\/p>\n<div class=\"fitvids-video\"><iframe loading=\"lazy\" width=\"800\" height=\"450\" src=\"https:\/\/www.youtube.com\/embed\/E0J0Nnc5LBc?feature=oembed\" frameborder=\"0\" allow=\"accelerometer; autoplay; encrypted-media; gyroscope; picture-in-picture\" allowfullscreen><\/iframe><\/div>\n","protected":false},"excerpt":{"rendered":"<p>Durante los d\u00edas 28 y 29 de Marzo,\u00a0V\u00e9rtice\u00a0ha participado en\u00a0Expoelearning 2019 una de las ferias m\u00e1s destacadas de sectores como<\/p>\n","protected":false},"author":7,"featured_media":4990,"comment_status":"open","ping_status":"open","sticky":false,"template":"","format":"standard","meta":{"_monsterinsights_skip_tracking":false,"_monsterinsights_sitenote_active":false,"_monsterinsights_sitenote_note":"","_monsterinsights_sitenote_category":0},"categories":[221,4,6,10],"tags":[203,365,366],"yoast_head":"<!-- This site is optimized with the Yoast SEO plugin v17.2 - https:\/\/yoast.com\/wordpress\/plugins\/seo\/ -->\n<title>Videoblog- Experiencias de V\u00e9rtice en Expoelearning 2019 - V\u00c9RTICE<\/title>\n<meta name=\"robots\" content=\"index, follow, max-snippet:-1, max-image-preview:large, max-video-preview:-1\" \/>\n<link rel=\"canonical\" href=\"https:\/\/grupovertice.com\/blog\/videoblog-experiencias-de-vertice-en-expoelearning-2019\/\" \/>\n<meta property=\"og:locale\" content=\"es_ES\" \/>\n<meta property=\"og:type\" content=\"article\" \/>\n<meta property=\"og:title\" content=\"Videoblog- Experiencias de V\u00e9rtice en Expoelearning 2019 - V\u00c9RTICE\" \/>\n<meta property=\"og:description\" content=\"Durante los d\u00edas 28 y 29 de Marzo,\u00a0V\u00e9rtice\u00a0ha participado en\u00a0Expoelearning 2019 una de las ferias m\u00e1s destacadas de sectores como\" \/>\n<meta property=\"og:url\" content=\"https:\/\/grupovertice.com\/blog\/videoblog-experiencias-de-vertice-en-expoelearning-2019\/\" \/>\n<meta property=\"og:site_name\" content=\"V\u00c9RTICE\" \/>\n<meta property=\"article:published_time\" content=\"2019-04-11T15:07:05+00:00\" \/>\n<meta property=\"article:modified_time\" content=\"2019-04-11T15:09:12+00:00\" \/>\n<meta property=\"og:image\" content=\"https:\/\/www.vertice.org\/blog\/wp-content\/uploads\/2019\/04\/expoelearning-19.png\" \/>\n\t<meta property=\"og:image:width\" content=\"768\" \/>\n\t<meta property=\"og:image:height\" content=\"427\" \/>\n<meta name=\"twitter:card\" content=\"summary\" \/>\n<meta name=\"twitter:label1\" content=\"Escrito por\" \/>\n\t<meta name=\"twitter:data1\" content=\"mtriano\" \/>\n\t<meta name=\"twitter:label2\" content=\"Tiempo de lectura\" \/>\n\t<meta name=\"twitter:data2\" content=\"1 minuto\" \/>\n<script type=\"application\/ld+json\" class=\"yoast-schema-graph\">{\"@context\":\"https:\/\/schema.org\",\"@graph\":[{\"@type\":\"WebSite\",\"@id\":\"https:\/\/grupovertice.com\/blog\/#website\",\"url\":\"https:\/\/grupovertice.com\/blog\/\",\"name\":\"V\\u00c9RTICE\",\"description\":\"BLOG DE FORMACI\\u00d3N Y EMPLEO\",\"potentialAction\":[{\"@type\":\"SearchAction\",\"target\":{\"@type\":\"EntryPoint\",\"urlTemplate\":\"https:\/\/grupovertice.com\/blog\/?s={search_term_string}\"},\"query-input\":\"required name=search_term_string\"}],\"inLanguage\":\"es\"},{\"@type\":\"ImageObject\",\"@id\":\"https:\/\/grupovertice.com\/blog\/videoblog-experiencias-de-vertice-en-expoelearning-2019\/#primaryimage\",\"inLanguage\":\"es\",\"url\":\"https:\/\/grupovertice.com\/blog\/wp-content\/uploads\/2019\/04\/expoelearning-19.png\",\"contentUrl\":\"https:\/\/grupovertice.com\/blog\/wp-content\/uploads\/2019\/04\/expoelearning-19.png\",\"width\":768,\"height\":427},{\"@type\":\"WebPage\",\"@id\":\"https:\/\/grupovertice.com\/blog\/videoblog-experiencias-de-vertice-en-expoelearning-2019\/#webpage\",\"url\":\"https:\/\/grupovertice.com\/blog\/videoblog-experiencias-de-vertice-en-expoelearning-2019\/\",\"name\":\"Videoblog- Experiencias de V\\u00e9rtice en Expoelearning 2019 - V\\u00c9RTICE\",\"isPartOf\":{\"@id\":\"https:\/\/grupovertice.com\/blog\/#website\"},\"primaryImageOfPage\":{\"@id\":\"https:\/\/grupovertice.com\/blog\/videoblog-experiencias-de-vertice-en-expoelearning-2019\/#primaryimage\"},\"datePublished\":\"2019-04-11T15:07:05+00:00\",\"dateModified\":\"2019-04-11T15:09:12+00:00\",\"author\":{\"@id\":\"https:\/\/grupovertice.com\/blog\/#\/schema\/person\/b030caf508d0f9791557362c128d042c\"},\"breadcrumb\":{\"@id\":\"https:\/\/grupovertice.com\/blog\/videoblog-experiencias-de-vertice-en-expoelearning-2019\/#breadcrumb\"},\"inLanguage\":\"es\",\"potentialAction\":[{\"@type\":\"ReadAction\",\"target\":[\"https:\/\/grupovertice.com\/blog\/videoblog-experiencias-de-vertice-en-expoelearning-2019\/\"]}]},{\"@type\":\"BreadcrumbList\",\"@id\":\"https:\/\/grupovertice.com\/blog\/videoblog-experiencias-de-vertice-en-expoelearning-2019\/#breadcrumb\",\"itemListElement\":[{\"@type\":\"ListItem\",\"position\":1,\"name\":\"Portada\",\"item\":\"https:\/\/grupovertice.com\/blog\/\"},{\"@type\":\"ListItem\",\"position\":2,\"name\":\"Videoblog- Experiencias de V\\u00e9rtice en Expoelearning 2019\"}]},{\"@type\":\"Person\",\"@id\":\"https:\/\/grupovertice.com\/blog\/#\/schema\/person\/b030caf508d0f9791557362c128d042c\",\"name\":\"mtriano\",\"image\":{\"@type\":\"ImageObject\",\"@id\":\"https:\/\/grupovertice.com\/blog\/#personlogo\",\"inLanguage\":\"es\",\"url\":\"https:\/\/secure.gravatar.com\/avatar\/28911e797b186c0ce2ac75467a578045?s=96&d=mm&r=g\",\"contentUrl\":\"https:\/\/secure.gravatar.com\/avatar\/28911e797b186c0ce2ac75467a578045?s=96&d=mm&r=g\",\"caption\":\"mtriano\"},\"sameAs\":[\"http:\/\/www.vertice.org\"],\"url\":\"https:\/\/grupovertice.com\/blog\/author\/mtriano\/\"}]}<\/script>\n<!-- \/ Yoast SEO plugin. -->","yoast_head_json":{"title":"Videoblog- Experiencias de V\u00e9rtice en Expoelearning 2019 - V\u00c9RTICE","robots":{"index":"index","follow":"follow","max-snippet":"max-snippet:-1","max-image-preview":"max-image-preview:large","max-video-preview":"max-video-preview:-1"},"canonical":"https:\/\/grupovertice.com\/blog\/videoblog-experiencias-de-vertice-en-expoelearning-2019\/","og_locale":"es_ES","og_type":"article","og_title":"Videoblog- Experiencias de V\u00e9rtice en Expoelearning 2019 - V\u00c9RTICE","og_description":"Durante los d\u00edas 28 y 29 de Marzo,\u00a0V\u00e9rtice\u00a0ha participado en\u00a0Expoelearning 2019 una de las ferias m\u00e1s destacadas de sectores como","og_url":"https:\/\/grupovertice.com\/blog\/videoblog-experiencias-de-vertice-en-expoelearning-2019\/","og_site_name":"V\u00c9RTICE","article_published_time":"2019-04-11T15:07:05+00:00","article_modified_time":"2019-04-11T15:09:12+00:00","og_image":[{"width":768,"height":427,"url":"https:\/\/www.vertice.org\/blog\/wp-content\/uploads\/2019\/04\/expoelearning-19.png","path":"\/home\/vertice\/public_html\/blog\/wp-content\/uploads\/2019\/04\/expoelearning-19.png","size":"full","id":4990,"alt":"","pixels":327936,"type":"image\/png"}],"twitter_card":"summary","twitter_misc":{"Escrito por":"mtriano","Tiempo de lectura":"1 minuto"},"schema":{"@context":"https:\/\/schema.org","@graph":[{"@type":"WebSite","@id":"https:\/\/grupovertice.com\/blog\/#website","url":"https:\/\/grupovertice.com\/blog\/","name":"V\u00c9RTICE","description":"BLOG DE FORMACI\u00d3N Y EMPLEO","potentialAction":[{"@type":"SearchAction","target":{"@type":"EntryPoint","urlTemplate":"https:\/\/grupovertice.com\/blog\/?s={search_term_string}"},"query-input":"required name=search_term_string"}],"inLanguage":"es"},{"@type":"ImageObject","@id":"https:\/\/grupovertice.com\/blog\/videoblog-experiencias-de-vertice-en-expoelearning-2019\/#primaryimage","inLanguage":"es","url":"https:\/\/grupovertice.com\/blog\/wp-content\/uploads\/2019\/04\/expoelearning-19.png","contentUrl":"https:\/\/grupovertice.com\/blog\/wp-content\/uploads\/2019\/04\/expoelearning-19.png","width":768,"height":427},{"@type":"WebPage","@id":"https:\/\/grupovertice.com\/blog\/videoblog-experiencias-de-vertice-en-expoelearning-2019\/#webpage","url":"https:\/\/grupovertice.com\/blog\/videoblog-experiencias-de-vertice-en-expoelearning-2019\/","name":"Videoblog- Experiencias de V\u00e9rtice en Expoelearning 2019 - V\u00c9RTICE","isPartOf":{"@id":"https:\/\/grupovertice.com\/blog\/#website"},"primaryImageOfPage":{"@id":"https:\/\/grupovertice.com\/blog\/videoblog-experiencias-de-vertice-en-expoelearning-2019\/#primaryimage"},"datePublished":"2019-04-11T15:07:05+00:00","dateModified":"2019-04-11T15:09:12+00:00","author":{"@id":"https:\/\/grupovertice.com\/blog\/#\/schema\/person\/b030caf508d0f9791557362c128d042c"},"breadcrumb":{"@id":"https:\/\/grupovertice.com\/blog\/videoblog-experiencias-de-vertice-en-expoelearning-2019\/#breadcrumb"},"inLanguage":"es","potentialAction":[{"@type":"ReadAction","target":["https:\/\/grupovertice.com\/blog\/videoblog-experiencias-de-vertice-en-expoelearning-2019\/"]}]},{"@type":"BreadcrumbList","@id":"https:\/\/grupovertice.com\/blog\/videoblog-experiencias-de-vertice-en-expoelearning-2019\/#breadcrumb","itemListElement":[{"@type":"ListItem","position":1,"name":"Portada","item":"https:\/\/grupovertice.com\/blog\/"},{"@type":"ListItem","position":2,"name":"Videoblog- Experiencias de V\u00e9rtice en Expoelearning 2019"}]},{"@type":"Person","@id":"https:\/\/grupovertice.com\/blog\/#\/schema\/person\/b030caf508d0f9791557362c128d042c","name":"mtriano","image":{"@type":"ImageObject","@id":"https:\/\/grupovertice.com\/blog\/#personlogo","inLanguage":"es","url":"https:\/\/secure.gravatar.com\/avatar\/28911e797b186c0ce2ac75467a578045?s=96&d=mm&r=g","contentUrl":"https:\/\/secure.gravatar.com\/avatar\/28911e797b186c0ce2ac75467a578045?s=96&d=mm&r=g","caption":"mtriano"},"sameAs":["http:\/\/www.vertice.org"],"url":"https:\/\/grupovertice.com\/blog\/author\/mtriano\/"}]}},"fimg_url":"https:\/\/grupovertice.com\/blog\/wp-content\/uploads\/2019\/04\/expoelearning-19.png","categories_names":["Comunicaciones","eLearning","Formaci\u00f3n","V\u00e9rtice"],"medio":"","clean-title":true,"_links":{"self":[{"href":"https:\/\/grupovertice.com\/blog\/wp-json\/wp\/v2\/posts\/4988"}],"collection":[{"href":"https:\/\/grupovertice.com\/blog\/wp-json\/wp\/v2\/posts"}],"about":[{"href":"https:\/\/grupovertice.com\/blog\/wp-json\/wp\/v2\/types\/post"}],"author":[{"embeddable":true,"href":"https:\/\/grupovertice.com\/blog\/wp-json\/wp\/v2\/users\/7"}],"replies":[{"embeddable":true,"href":"https:\/\/grupovertice.com\/blog\/wp-json\/wp\/v2\/comments?post=4988"}],"version-history":[{"count":2,"href":"https:\/\/grupovertice.com\/blog\/wp-json\/wp\/v2\/posts\/4988\/revisions"}],"predecessor-version":[{"id":4992,"href":"https:\/\/grupovertice.com\/blog\/wp-json\/wp\/v2\/posts\/4988\/revisions\/4992"}],"wp:featuredmedia":[{"embeddable":true,"href":"https:\/\/grupovertice.com\/blog\/wp-json\/wp\/v2\/media\/4990"}],"wp:attachment":[{"href":"https:\/\/grupovertice.com\/blog\/wp-json\/wp\/v2\/media?parent=4988"}],"wp:term":[{"taxonomy":"category","embeddable":true,"href":"https:\/\/grupovertice.com\/blog\/wp-json\/wp\/v2\/categories?post=4988"},{"taxonomy":"post_tag","embeddable":true,"href":"https:\/\/grupovertice.com\/blog\/wp-json\/wp\/v2\/tags?post=4988"}],"curies":[{"name":"wp","href":"https:\/\/api.w.org\/{rel}","templated":true}]}}