{"id":4682,"date":"2018-05-22T11:12:25","date_gmt":"2018-05-22T11:12:25","guid":{"rendered":"http:\/\/www.vertice.org\/blog\/?p=4682"},"modified":"2018-05-22T11:55:49","modified_gmt":"2018-05-22T11:55:49","slug":"diego-dieste-uso-avatar-3d-rompe-cualquier-prejuicio-pueda-existir-proceso-seleccion","status":"publish","type":"post","link":"https:\/\/grupovertice.com\/blog\/diego-dieste-uso-avatar-3d-rompe-cualquier-prejuicio-pueda-existir-proceso-seleccion\/","title":{"rendered":"Ignacio Dieste: \u00abUn avatar 3D rompe con posibles prejuicios en un proceso de selecci\u00f3n\u00bb"},"content":{"rendered":"<p><em>\u00a0Comunicaci\u00f3n V\u00e9rtice<\/em><\/p>\n<p>Hace un par de semanas <a href=\"http:\/\/www.verticelearning.com\/desarrollamos-para-ti\/?agencia=127\" target=\"_blank\" rel=\"noopener\"><strong>V\u00e9rtice<\/strong><\/a> participaba en el <a href=\"http:\/\/fair.theeducationdistrict.com\/forotalento3d\" target=\"_blank\" rel=\"noopener\"><strong>I Foro Internacional de Talento 3D<\/strong><\/a>, un evento pionero , organizado por la \u00a0startup espa\u00f1ola\u00a0startup\u00a0<a href=\"http:\/\/www.virtway.com\/#accept\" target=\"_blank\" rel=\"noopener\">Virtway<\/a>, donde la formaci\u00f3n, el talento, empleo y nuevas tecnolog\u00edas han sido el hilo conductor de un programa en el que han participado m\u00e1s de 50 ponentes. Para\u00a0 profundizar un poco m\u00e1s sobre este evento en 3D, entrevistamos a <a href=\"https:\/\/www.linkedin.com\/in\/ignaciodieste\/\" target=\"_blank\" rel=\"noopener\">Ignacio Dieste<\/a>, Business Director de Virtway \u00a1Esperamos que os resulte interesante!<\/p>\n<p><strong>\u00bfC\u00f3mo surge la de idea de crear un evento de estas caracter\u00edsticas?<\/strong><\/p>\n<p>La idea viene de una mejora en la tecnolog\u00eda que lo hace posible combinado con que las empresas actualmente ven en los mundos virtuales una forma mucho m\u00e1s cercana y experiencial de conectar con las personas de una forma online. \u00a0Esta nueva generaci\u00f3n de mundos virtuales, que adem\u00e1s de en ordenador est\u00e1 creado para m\u00f3viles y tabletas, nos permit\u00eda llegar a cualquier persona en cualquier lugar del mundo.<\/p>\n<p><strong>Los asistentes han podido acceder a diferentes espacios virtuales \u00bfcu\u00e1les eran y qu\u00e9 pod\u00edan hacer all\u00ed?<\/strong><\/p>\n<p>Los participantes disfrutaron de un Lobby del foro donde pod\u00edan encontrar a otros asistentes, \u00a0acceder a una sala networking para hablar e intercambiar sus datos de contacto o incluso entrar en una zona de juegos de mesa. Tambi\u00e9n pod\u00edan consultar el programa y a golpe de clic su avatar se transportaba a la sala donde ten\u00eda lugar esa presentaci\u00f3n o taller. Tambi\u00e9n contamos con un Auditorio con ponencias muy interesantes.<\/p>\n<p><a href=\"http:\/\/www.vertice.org\/blog\/wp-content\/uploads\/2018\/05\/33333.png\"><img loading=\"lazy\" class=\"alignnone size-full wp-image-4683\" src=\"http:\/\/www.vertice.org\/blog\/wp-content\/uploads\/2018\/05\/33333.png\" alt=\"\" width=\"571\" height=\"302\" srcset=\"https:\/\/grupovertice.com\/blog\/wp-content\/uploads\/2018\/05\/33333.png 571w, https:\/\/grupovertice.com\/blog\/wp-content\/uploads\/2018\/05\/33333-300x159.png 300w, https:\/\/grupovertice.com\/blog\/wp-content\/uploads\/2018\/05\/33333-390x205.png 390w\" sizes=\"(max-width: 571px) 100vw, 571px\" \/><\/a><\/p>\n<p><strong>Las tem\u00e1ticas de las ponencias han girado en torno a&#8230; <\/strong>las habilidades de los profesionales, la ciberseguridad o Blockchain, entre otras. Sin embargo, las que han contado con m\u00e1s afluencia fueron las de empleo y formaci\u00f3n.<\/p>\n<p><strong>Las caracter\u00edsticas para ser un ponente 3D son<\/strong> principalmente ser valiente para experimentar en nuevos entornos que nos saquen de nuestra zona de confort.<\/p>\n<p><strong>\u00bfAlgunos datos relevantes tras la celebraci\u00f3n de este primer foro?<\/strong><\/p>\n<p>Los resultados obtenidos dejan un dato muy positivo y es que hubo una media de tiempo de conexi\u00f3n de 43 minutos. Eso supone que los cerca de 4.000 asistentes estuvieron bastante tiempo expuestos a lo que los ponentes, stands y talleres ten\u00edan que contarles.\u00a0 Es un gran resultado.<\/p>\n<p><strong>La empresa creadora de este mundo virtual es Virtway \u00bfqui\u00e9n hay detr\u00e1s de ella? <\/strong>\u00a0Somos una peque\u00f1a \u201cfamilia\u201d de 16 personas repartidas entre Oviedo y Guadalajara que nos divierte lo que hacemos y \u00a0nos esforzamos para que las personas disfruten tambi\u00e9n con este entorno.<\/p>\n<p><strong>Virtway y educaci\u00f3n online \u00bfcu\u00e1les son sus apuestas de futuro?<\/strong><\/p>\n<p>Es evidente que el mundo es de aquellos que mejor saben aprovechar las herramientas que hay disponibles en el mercado para sacar los mejores productos. Nuestra tecnolog\u00eda solo es una herramienta que potencia \u00a0realizar formaci\u00f3n online en grupos de la forma m\u00e1s experiencial posible, pero depende totalmente del docente que esa formaci\u00f3n sea o no eficaz y divertida.<\/p>\n<p><strong>Con la tecnolog\u00eda 3D \u00bflos centros \u00a0educativos presenciales ser\u00e1n reemplazados por aulas virtuales?<\/strong><\/p>\n<p>Creo que lo que habr\u00e1 ser\u00e1n horas presenciales cuando tenga que haberlas y no siempre por defecto. El contacto entre las personas es muy necesario, pero no por el simple hecho de ir a clase se adquiere un conocimiento. De hecho, la realidad tiene sus limitaciones y es ah\u00ed donde la tecnolog\u00eda puede ayudar a que se vivan experiencias colaborativas\u00a0 dif\u00edciles de llevar a cabo en la realidad.<\/p>\n<p><strong>Un evento que rompe con las barreras espacio-temporales, \u00bfpermite una mayor democratizaci\u00f3n de la formaci\u00f3n y oportunidades laborales? <\/strong>Totalmente. El acceso online ha ayudado a que este foro llegue a miles de personas de todo el mundo que, sin duda, no hubieran podido asistir de no ser as\u00ed. Adem\u00e1s, el hecho de que cada usuario sea representado por un avatar rompe con cualquier prejuicio que pudiera haber en un proceso de selecci\u00f3n, presentaci\u00f3n de startup o ponencia. En este foro se habl\u00f3 de talento sin tener en cuenta nacionalidad, g\u00e9nero o edad.<\/p>\n<p>\u00bfTe parece interesante este articulo? Si quieres ampliar informaci\u00f3n, te recomendamos que consultes estos art\u00edculos:<\/p>\n<ul>\n<li><a href=\"http:\/\/www.vertice.org\/blog\/vertice-participara-i-foro-internacional-talento-3d\/\" target=\"_blank\" rel=\"noopener\">V\u00e9rtice participar\u00e1 en el I Foro Internacional de Talento 3D<\/a><\/li>\n<li><a href=\"http:\/\/www.vertice.org\/blog\/6-competencias-claves-profesional-del-futuro\/?agencia=127\" target=\"_blank\" rel=\"noopener\">6 Competencias claves para el profesional del futuro\u00a0<\/a><\/li>\n<\/ul>\n","protected":false},"excerpt":{"rendered":"<p>\u00a0Comunicaci\u00f3n V\u00e9rtice Hace un par de semanas V\u00e9rtice participaba en el I Foro Internacional de Talento 3D, un evento pionero<\/p>\n","protected":false},"author":3,"featured_media":4684,"comment_status":"open","ping_status":"open","sticky":false,"template":"","format":"standard","meta":{"_monsterinsights_skip_tracking":false,"_monsterinsights_sitenote_active":false,"_monsterinsights_sitenote_note":"","_monsterinsights_sitenote_category":0},"categories":[221,5,6],"tags":[326,74,54,76,333,332,215],"yoast_head":"<!-- This site is optimized with the Yoast SEO plugin v17.2 - https:\/\/yoast.com\/wordpress\/plugins\/seo\/ -->\n<title>Ignacio Dieste: &quot;Un avatar 3D rompe con posibles prejuicios en un proceso de selecci\u00f3n&quot; - V\u00c9RTICE<\/title>\n<meta name=\"robots\" content=\"index, follow, max-snippet:-1, max-image-preview:large, max-video-preview:-1\" \/>\n<link rel=\"canonical\" href=\"https:\/\/grupovertice.com\/blog\/diego-dieste-uso-avatar-3d-rompe-cualquier-prejuicio-pueda-existir-proceso-seleccion\/\" \/>\n<meta property=\"og:locale\" content=\"es_ES\" \/>\n<meta property=\"og:type\" content=\"article\" \/>\n<meta property=\"og:title\" content=\"Ignacio Dieste: &quot;Un avatar 3D rompe con posibles prejuicios en un proceso de selecci\u00f3n&quot; - V\u00c9RTICE\" \/>\n<meta property=\"og:description\" content=\"\u00a0Comunicaci\u00f3n V\u00e9rtice Hace un par de semanas V\u00e9rtice participaba en el I Foro Internacional de Talento 3D, un evento pionero\" \/>\n<meta property=\"og:url\" content=\"https:\/\/grupovertice.com\/blog\/diego-dieste-uso-avatar-3d-rompe-cualquier-prejuicio-pueda-existir-proceso-seleccion\/\" \/>\n<meta property=\"og:site_name\" content=\"V\u00c9RTICE\" \/>\n<meta property=\"article:published_time\" content=\"2018-05-22T11:12:25+00:00\" \/>\n<meta property=\"article:modified_time\" content=\"2018-05-22T11:55:49+00:00\" \/>\n<meta property=\"og:image\" content=\"https:\/\/www.vertice.org\/blog\/wp-content\/uploads\/2018\/05\/ignacio-dieste.png\" \/>\n\t<meta property=\"og:image:width\" content=\"800\" \/>\n\t<meta property=\"og:image:height\" content=\"445\" \/>\n<meta name=\"twitter:card\" content=\"summary\" \/>\n<meta name=\"twitter:label1\" content=\"Escrito por\" \/>\n\t<meta name=\"twitter:data1\" content=\"admin\" \/>\n\t<meta name=\"twitter:label2\" content=\"Tiempo de lectura\" \/>\n\t<meta name=\"twitter:data2\" content=\"4 minutos\" \/>\n<script type=\"application\/ld+json\" class=\"yoast-schema-graph\">{\"@context\":\"https:\/\/schema.org\",\"@graph\":[{\"@type\":\"WebSite\",\"@id\":\"https:\/\/grupovertice.com\/blog\/#website\",\"url\":\"https:\/\/grupovertice.com\/blog\/\",\"name\":\"V\\u00c9RTICE\",\"description\":\"BLOG DE FORMACI\\u00d3N Y EMPLEO\",\"potentialAction\":[{\"@type\":\"SearchAction\",\"target\":{\"@type\":\"EntryPoint\",\"urlTemplate\":\"https:\/\/grupovertice.com\/blog\/?s={search_term_string}\"},\"query-input\":\"required name=search_term_string\"}],\"inLanguage\":\"es\"},{\"@type\":\"ImageObject\",\"@id\":\"https:\/\/grupovertice.com\/blog\/diego-dieste-uso-avatar-3d-rompe-cualquier-prejuicio-pueda-existir-proceso-seleccion\/#primaryimage\",\"inLanguage\":\"es\",\"url\":\"https:\/\/grupovertice.com\/blog\/wp-content\/uploads\/2018\/05\/ignacio-dieste.png\",\"contentUrl\":\"https:\/\/grupovertice.com\/blog\/wp-content\/uploads\/2018\/05\/ignacio-dieste.png\",\"width\":800,\"height\":445},{\"@type\":\"WebPage\",\"@id\":\"https:\/\/grupovertice.com\/blog\/diego-dieste-uso-avatar-3d-rompe-cualquier-prejuicio-pueda-existir-proceso-seleccion\/#webpage\",\"url\":\"https:\/\/grupovertice.com\/blog\/diego-dieste-uso-avatar-3d-rompe-cualquier-prejuicio-pueda-existir-proceso-seleccion\/\",\"name\":\"Ignacio Dieste: \\\"Un avatar 3D rompe con posibles prejuicios en un proceso de selecci\\u00f3n\\\" - V\\u00c9RTICE\",\"isPartOf\":{\"@id\":\"https:\/\/grupovertice.com\/blog\/#website\"},\"primaryImageOfPage\":{\"@id\":\"https:\/\/grupovertice.com\/blog\/diego-dieste-uso-avatar-3d-rompe-cualquier-prejuicio-pueda-existir-proceso-seleccion\/#primaryimage\"},\"datePublished\":\"2018-05-22T11:12:25+00:00\",\"dateModified\":\"2018-05-22T11:55:49+00:00\",\"author\":{\"@id\":\"https:\/\/grupovertice.com\/blog\/#\/schema\/person\/381663d1e3ca04704bf429d4614c78d8\"},\"breadcrumb\":{\"@id\":\"https:\/\/grupovertice.com\/blog\/diego-dieste-uso-avatar-3d-rompe-cualquier-prejuicio-pueda-existir-proceso-seleccion\/#breadcrumb\"},\"inLanguage\":\"es\",\"potentialAction\":[{\"@type\":\"ReadAction\",\"target\":[\"https:\/\/grupovertice.com\/blog\/diego-dieste-uso-avatar-3d-rompe-cualquier-prejuicio-pueda-existir-proceso-seleccion\/\"]}]},{\"@type\":\"BreadcrumbList\",\"@id\":\"https:\/\/grupovertice.com\/blog\/diego-dieste-uso-avatar-3d-rompe-cualquier-prejuicio-pueda-existir-proceso-seleccion\/#breadcrumb\",\"itemListElement\":[{\"@type\":\"ListItem\",\"position\":1,\"name\":\"Portada\",\"item\":\"https:\/\/grupovertice.com\/blog\/\"},{\"@type\":\"ListItem\",\"position\":2,\"name\":\"Ignacio Dieste: \\u00abUn avatar 3D rompe con posibles prejuicios en un proceso de selecci\\u00f3n\\u00bb\"}]},{\"@type\":\"Person\",\"@id\":\"https:\/\/grupovertice.com\/blog\/#\/schema\/person\/381663d1e3ca04704bf429d4614c78d8\",\"name\":\"admin\",\"image\":{\"@type\":\"ImageObject\",\"@id\":\"https:\/\/grupovertice.com\/blog\/#personlogo\",\"inLanguage\":\"es\",\"url\":\"https:\/\/secure.gravatar.com\/avatar\/2df9ff9cd44a1e8b6c61018214076820?s=96&d=mm&r=g\",\"contentUrl\":\"https:\/\/secure.gravatar.com\/avatar\/2df9ff9cd44a1e8b6c61018214076820?s=96&d=mm&r=g\",\"caption\":\"admin\"},\"url\":\"https:\/\/grupovertice.com\/blog\/author\/adminvb\/\"}]}<\/script>\n<!-- \/ Yoast SEO plugin. -->","yoast_head_json":{"title":"Ignacio Dieste: \"Un avatar 3D rompe con posibles prejuicios en un proceso de selecci\u00f3n\" - V\u00c9RTICE","robots":{"index":"index","follow":"follow","max-snippet":"max-snippet:-1","max-image-preview":"max-image-preview:large","max-video-preview":"max-video-preview:-1"},"canonical":"https:\/\/grupovertice.com\/blog\/diego-dieste-uso-avatar-3d-rompe-cualquier-prejuicio-pueda-existir-proceso-seleccion\/","og_locale":"es_ES","og_type":"article","og_title":"Ignacio Dieste: \"Un avatar 3D rompe con posibles prejuicios en un proceso de selecci\u00f3n\" - V\u00c9RTICE","og_description":"\u00a0Comunicaci\u00f3n V\u00e9rtice Hace un par de semanas V\u00e9rtice participaba en el I Foro Internacional de Talento 3D, un evento pionero","og_url":"https:\/\/grupovertice.com\/blog\/diego-dieste-uso-avatar-3d-rompe-cualquier-prejuicio-pueda-existir-proceso-seleccion\/","og_site_name":"V\u00c9RTICE","article_published_time":"2018-05-22T11:12:25+00:00","article_modified_time":"2018-05-22T11:55:49+00:00","og_image":[{"width":800,"height":445,"url":"https:\/\/www.vertice.org\/blog\/wp-content\/uploads\/2018\/05\/ignacio-dieste.png","path":"\/home\/vertice\/public_html\/blog\/wp-content\/uploads\/2018\/05\/ignacio-dieste.png","size":"full","id":4684,"alt":"","pixels":356000,"type":"image\/png"}],"twitter_card":"summary","twitter_misc":{"Escrito por":"admin","Tiempo de lectura":"4 minutos"},"schema":{"@context":"https:\/\/schema.org","@graph":[{"@type":"WebSite","@id":"https:\/\/grupovertice.com\/blog\/#website","url":"https:\/\/grupovertice.com\/blog\/","name":"V\u00c9RTICE","description":"BLOG DE FORMACI\u00d3N Y EMPLEO","potentialAction":[{"@type":"SearchAction","target":{"@type":"EntryPoint","urlTemplate":"https:\/\/grupovertice.com\/blog\/?s={search_term_string}"},"query-input":"required name=search_term_string"}],"inLanguage":"es"},{"@type":"ImageObject","@id":"https:\/\/grupovertice.com\/blog\/diego-dieste-uso-avatar-3d-rompe-cualquier-prejuicio-pueda-existir-proceso-seleccion\/#primaryimage","inLanguage":"es","url":"https:\/\/grupovertice.com\/blog\/wp-content\/uploads\/2018\/05\/ignacio-dieste.png","contentUrl":"https:\/\/grupovertice.com\/blog\/wp-content\/uploads\/2018\/05\/ignacio-dieste.png","width":800,"height":445},{"@type":"WebPage","@id":"https:\/\/grupovertice.com\/blog\/diego-dieste-uso-avatar-3d-rompe-cualquier-prejuicio-pueda-existir-proceso-seleccion\/#webpage","url":"https:\/\/grupovertice.com\/blog\/diego-dieste-uso-avatar-3d-rompe-cualquier-prejuicio-pueda-existir-proceso-seleccion\/","name":"Ignacio Dieste: \"Un avatar 3D rompe con posibles prejuicios en un proceso de selecci\u00f3n\" - V\u00c9RTICE","isPartOf":{"@id":"https:\/\/grupovertice.com\/blog\/#website"},"primaryImageOfPage":{"@id":"https:\/\/grupovertice.com\/blog\/diego-dieste-uso-avatar-3d-rompe-cualquier-prejuicio-pueda-existir-proceso-seleccion\/#primaryimage"},"datePublished":"2018-05-22T11:12:25+00:00","dateModified":"2018-05-22T11:55:49+00:00","author":{"@id":"https:\/\/grupovertice.com\/blog\/#\/schema\/person\/381663d1e3ca04704bf429d4614c78d8"},"breadcrumb":{"@id":"https:\/\/grupovertice.com\/blog\/diego-dieste-uso-avatar-3d-rompe-cualquier-prejuicio-pueda-existir-proceso-seleccion\/#breadcrumb"},"inLanguage":"es","potentialAction":[{"@type":"ReadAction","target":["https:\/\/grupovertice.com\/blog\/diego-dieste-uso-avatar-3d-rompe-cualquier-prejuicio-pueda-existir-proceso-seleccion\/"]}]},{"@type":"BreadcrumbList","@id":"https:\/\/grupovertice.com\/blog\/diego-dieste-uso-avatar-3d-rompe-cualquier-prejuicio-pueda-existir-proceso-seleccion\/#breadcrumb","itemListElement":[{"@type":"ListItem","position":1,"name":"Portada","item":"https:\/\/grupovertice.com\/blog\/"},{"@type":"ListItem","position":2,"name":"Ignacio Dieste: \u00abUn avatar 3D rompe con posibles prejuicios en un proceso de selecci\u00f3n\u00bb"}]},{"@type":"Person","@id":"https:\/\/grupovertice.com\/blog\/#\/schema\/person\/381663d1e3ca04704bf429d4614c78d8","name":"admin","image":{"@type":"ImageObject","@id":"https:\/\/grupovertice.com\/blog\/#personlogo","inLanguage":"es","url":"https:\/\/secure.gravatar.com\/avatar\/2df9ff9cd44a1e8b6c61018214076820?s=96&d=mm&r=g","contentUrl":"https:\/\/secure.gravatar.com\/avatar\/2df9ff9cd44a1e8b6c61018214076820?s=96&d=mm&r=g","caption":"admin"},"url":"https:\/\/grupovertice.com\/blog\/author\/adminvb\/"}]}},"fimg_url":"https:\/\/grupovertice.com\/blog\/wp-content\/uploads\/2018\/05\/ignacio-dieste.png","categories_names":["Comunicaciones","Empleo","Formaci\u00f3n"],"medio":"","clean-title":true,"_links":{"self":[{"href":"https:\/\/grupovertice.com\/blog\/wp-json\/wp\/v2\/posts\/4682"}],"collection":[{"href":"https:\/\/grupovertice.com\/blog\/wp-json\/wp\/v2\/posts"}],"about":[{"href":"https:\/\/grupovertice.com\/blog\/wp-json\/wp\/v2\/types\/post"}],"author":[{"embeddable":true,"href":"https:\/\/grupovertice.com\/blog\/wp-json\/wp\/v2\/users\/3"}],"replies":[{"embeddable":true,"href":"https:\/\/grupovertice.com\/blog\/wp-json\/wp\/v2\/comments?post=4682"}],"version-history":[{"count":7,"href":"https:\/\/grupovertice.com\/blog\/wp-json\/wp\/v2\/posts\/4682\/revisions"}],"predecessor-version":[{"id":4691,"href":"https:\/\/grupovertice.com\/blog\/wp-json\/wp\/v2\/posts\/4682\/revisions\/4691"}],"wp:featuredmedia":[{"embeddable":true,"href":"https:\/\/grupovertice.com\/blog\/wp-json\/wp\/v2\/media\/4684"}],"wp:attachment":[{"href":"https:\/\/grupovertice.com\/blog\/wp-json\/wp\/v2\/media?parent=4682"}],"wp:term":[{"taxonomy":"category","embeddable":true,"href":"https:\/\/grupovertice.com\/blog\/wp-json\/wp\/v2\/categories?post=4682"},{"taxonomy":"post_tag","embeddable":true,"href":"https:\/\/grupovertice.com\/blog\/wp-json\/wp\/v2\/tags?post=4682"}],"curies":[{"name":"wp","href":"https:\/\/api.w.org\/{rel}","templated":true}]}}