{"id":4049,"date":"2017-07-14T11:02:02","date_gmt":"2017-07-14T11:02:02","guid":{"rendered":"http:\/\/www.vertice.org\/blog\/?p=4049"},"modified":"2017-07-18T06:52:32","modified_gmt":"2017-07-18T06:52:32","slug":"asi-la-mayor-oferta-empleo-publico-la-ultima-decada","status":"publish","type":"post","link":"https:\/\/grupovertice.com\/blog\/asi-la-mayor-oferta-empleo-publico-la-ultima-decada\/","title":{"rendered":"As\u00ed es la mayor oferta de empleo p\u00fablico de la \u00faltima d\u00e9cada"},"content":{"rendered":"<p><em>Tania Ca\u00f1as<\/em><br \/>\n<em>Directora de Comunicaci\u00f3n<\/em><\/p>\n<p>Los espa\u00f1oles que se han propuesto encontrar un trabajo estable en los pr\u00f3ximos meses est\u00e1n de enhorabuena: las 20.000 plazas de empleo p\u00fablico que ha aprobado el Gobierno es la <strong>mayor convocatoria de plazas p\u00fablicas de la \u00faltima d\u00e9cada y la primera vez que se crea nuevo empleo desde 2008. <\/strong>Gracias a esto, el a\u00f1o 2017 se convierte en uno de los mejores a\u00f1os para <a href=\"http:\/\/oposiciones.academiaonline.com\">preparar unas oposiciones<\/a>.<\/p>\n<p>La tasa de reposici\u00f3n se sit\u00faa sobre el 120{77afc9efaf1e088110fdf21acc2f61167a0e1e0fd7207170e17906c001b8cd31}, concretamente ser\u00e1 del 100{77afc9efaf1e088110fdf21acc2f61167a0e1e0fd7207170e17906c001b8cd31} en los sectores prioritarios (lucha contra el fraude fiscal y laboral, Justicia, fuerzas de seguridad, administraci\u00f3n penitenciaria, atenci\u00f3n al ciudadano en los servicios p\u00fablicos, prestaci\u00f3n directa del servicio del transporte p\u00fablico y Seguridad y Emergencia) y del 50{77afc9efaf1e088110fdf21acc2f61167a0e1e0fd7207170e17906c001b8cd31} en el resto de los sectores.<\/p>\n<p><a href=\"http:\/\/www.vertice.org\/blog\/wp-content\/uploads\/2017\/07\/Infografia-oposiciones.jpg\"><img loading=\"lazy\" class=\"alignnone size-full wp-image-4050\" src=\"http:\/\/www.vertice.org\/blog\/wp-content\/uploads\/2017\/07\/Infografia-oposiciones.jpg\" alt=\"\" width=\"1200\" height=\"1526\" srcset=\"https:\/\/grupovertice.com\/blog\/wp-content\/uploads\/2017\/07\/Infografia-oposiciones.jpg 1200w, https:\/\/grupovertice.com\/blog\/wp-content\/uploads\/2017\/07\/Infografia-oposiciones-236x300.jpg 236w, https:\/\/grupovertice.com\/blog\/wp-content\/uploads\/2017\/07\/Infografia-oposiciones-768x977.jpg 768w, https:\/\/grupovertice.com\/blog\/wp-content\/uploads\/2017\/07\/Infografia-oposiciones-805x1024.jpg 805w\" sizes=\"(max-width: 1200px) 100vw, 1200px\" \/><\/a><\/p>\n<p>De estas 20.000 plazas ofertadas<strong>, la convocatoria ordinaria incluye 15.998 plazas<\/strong>: 10.323\u00a0de Acceso Libre para la Administraci\u00f3n General del Estado y la Administraci\u00f3n de Justicia y 5.675 plazas para promoci\u00f3n interna. Y en cuanto al destino de estas plazas ordinarias, 11.844 ser\u00e1n para la Administraci\u00f3n General del Estado, 3.794 para Justicia y 450 se destinan a funcionarios de la administraci\u00f3n local con habilitaci\u00f3n de car\u00e1cter nacional.<\/p>\n<p>La oferta se completa con una <strong>convocatoria extraordinaria de 4.282 plazas de nueva creaci\u00f3n <\/strong>para reforzar la lucha contra el fraude y mejora de los servicios p\u00fablicos. En este bloque se distinguen 2.150 para la Agencia Estatal de Administraci\u00f3n Tributaria, 415 para el Servicio P\u00fablico de Empleo Estatal, 564 para Seguridad Social, 320 para la Inspecci\u00f3n de Trabajo, 178 para la Intervenci\u00f3n General de la Administraci\u00f3n del Estado, 150 al DNI y 505 a la DGT.<\/p>\n<p>A esta nueva convocatoria de 20.000 plazas anunciadas por el ministro de Hacienda y Funci\u00f3n P\u00fablica, Crist\u00f3bal Montoro, se suman las 7.969 plazas aprobadas en marzo, por lo que 2017 es sin duda el mejor a\u00f1o para aquellos que est\u00e1n preparando oposiciones.<\/p>\n<p>En V\u00e9rtice contamos con una amplia experiencia en la preparaci\u00f3n de oposiciones online, que permite a los aspirantes poder estudiar mientras desarrollan otras actividades formativas o profesionales. As\u00ed, el alumno puede adaptar la preparaci\u00f3n a sus necesidades ahorrando tiempo y dinero. Si quieres ampliar informaci\u00f3n, visita <a href=\"http:\/\/oposiciones.academiaonline.com\">http:\/\/oposiciones.academiaonline.com<\/a><\/p>\n","protected":false},"excerpt":{"rendered":"<p>Tania Ca\u00f1as Directora de Comunicaci\u00f3n Los espa\u00f1oles que se han propuesto encontrar un trabajo estable en los pr\u00f3ximos meses est\u00e1n<\/p>\n","protected":false},"author":3,"featured_media":4054,"comment_status":"open","ping_status":"open","sticky":false,"template":"","format":"standard","meta":{"_monsterinsights_skip_tracking":false,"_monsterinsights_sitenote_active":false,"_monsterinsights_sitenote_note":"","_monsterinsights_sitenote_category":0},"categories":[221,5],"tags":[80,110],"yoast_head":"<!-- This site is optimized with the Yoast SEO plugin v17.2 - https:\/\/yoast.com\/wordpress\/plugins\/seo\/ -->\n<title>As\u00ed es la mayor oferta de empleo p\u00fablico de la \u00faltima d\u00e9cada - V\u00c9RTICE<\/title>\n<meta name=\"robots\" content=\"index, follow, max-snippet:-1, max-image-preview:large, max-video-preview:-1\" \/>\n<link rel=\"canonical\" href=\"https:\/\/grupovertice.com\/blog\/asi-la-mayor-oferta-empleo-publico-la-ultima-decada\/\" \/>\n<meta property=\"og:locale\" content=\"es_ES\" \/>\n<meta property=\"og:type\" content=\"article\" \/>\n<meta property=\"og:title\" content=\"As\u00ed es la mayor oferta de empleo p\u00fablico de la \u00faltima d\u00e9cada - V\u00c9RTICE\" \/>\n<meta property=\"og:description\" content=\"Tania Ca\u00f1as Directora de Comunicaci\u00f3n Los espa\u00f1oles que se han propuesto encontrar un trabajo estable en los pr\u00f3ximos meses est\u00e1n\" \/>\n<meta property=\"og:url\" content=\"https:\/\/grupovertice.com\/blog\/asi-la-mayor-oferta-empleo-publico-la-ultima-decada\/\" \/>\n<meta property=\"og:site_name\" content=\"V\u00c9RTICE\" \/>\n<meta property=\"article:published_time\" content=\"2017-07-14T11:02:02+00:00\" \/>\n<meta property=\"article:modified_time\" content=\"2017-07-18T06:52:32+00:00\" \/>\n<meta property=\"og:image\" content=\"https:\/\/www.vertice.org\/blog\/wp-content\/uploads\/2017\/07\/oferta_oposiciones-1.png\" \/>\n\t<meta property=\"og:image:width\" content=\"800\" \/>\n\t<meta property=\"og:image:height\" content=\"445\" \/>\n<meta name=\"twitter:card\" content=\"summary\" \/>\n<meta name=\"twitter:label1\" content=\"Escrito por\" \/>\n\t<meta name=\"twitter:data1\" content=\"admin\" \/>\n\t<meta name=\"twitter:label2\" content=\"Tiempo de lectura\" \/>\n\t<meta name=\"twitter:data2\" content=\"2 minutos\" \/>\n<script type=\"application\/ld+json\" class=\"yoast-schema-graph\">{\"@context\":\"https:\/\/schema.org\",\"@graph\":[{\"@type\":\"WebSite\",\"@id\":\"https:\/\/grupovertice.com\/blog\/#website\",\"url\":\"https:\/\/grupovertice.com\/blog\/\",\"name\":\"V\\u00c9RTICE\",\"description\":\"BLOG DE FORMACI\\u00d3N Y EMPLEO\",\"potentialAction\":[{\"@type\":\"SearchAction\",\"target\":{\"@type\":\"EntryPoint\",\"urlTemplate\":\"https:\/\/grupovertice.com\/blog\/?s={search_term_string}\"},\"query-input\":\"required name=search_term_string\"}],\"inLanguage\":\"es\"},{\"@type\":\"ImageObject\",\"@id\":\"https:\/\/grupovertice.com\/blog\/asi-la-mayor-oferta-empleo-publico-la-ultima-decada\/#primaryimage\",\"inLanguage\":\"es\",\"url\":\"https:\/\/grupovertice.com\/blog\/wp-content\/uploads\/2017\/07\/oferta_oposiciones-1.png\",\"contentUrl\":\"https:\/\/grupovertice.com\/blog\/wp-content\/uploads\/2017\/07\/oferta_oposiciones-1.png\",\"width\":800,\"height\":445,\"caption\":\"oferta_oposiciones\"},{\"@type\":\"WebPage\",\"@id\":\"https:\/\/grupovertice.com\/blog\/asi-la-mayor-oferta-empleo-publico-la-ultima-decada\/#webpage\",\"url\":\"https:\/\/grupovertice.com\/blog\/asi-la-mayor-oferta-empleo-publico-la-ultima-decada\/\",\"name\":\"As\\u00ed es la mayor oferta de empleo p\\u00fablico de la \\u00faltima d\\u00e9cada - V\\u00c9RTICE\",\"isPartOf\":{\"@id\":\"https:\/\/grupovertice.com\/blog\/#website\"},\"primaryImageOfPage\":{\"@id\":\"https:\/\/grupovertice.com\/blog\/asi-la-mayor-oferta-empleo-publico-la-ultima-decada\/#primaryimage\"},\"datePublished\":\"2017-07-14T11:02:02+00:00\",\"dateModified\":\"2017-07-18T06:52:32+00:00\",\"author\":{\"@id\":\"https:\/\/grupovertice.com\/blog\/#\/schema\/person\/381663d1e3ca04704bf429d4614c78d8\"},\"breadcrumb\":{\"@id\":\"https:\/\/grupovertice.com\/blog\/asi-la-mayor-oferta-empleo-publico-la-ultima-decada\/#breadcrumb\"},\"inLanguage\":\"es\",\"potentialAction\":[{\"@type\":\"ReadAction\",\"target\":[\"https:\/\/grupovertice.com\/blog\/asi-la-mayor-oferta-empleo-publico-la-ultima-decada\/\"]}]},{\"@type\":\"BreadcrumbList\",\"@id\":\"https:\/\/grupovertice.com\/blog\/asi-la-mayor-oferta-empleo-publico-la-ultima-decada\/#breadcrumb\",\"itemListElement\":[{\"@type\":\"ListItem\",\"position\":1,\"name\":\"Portada\",\"item\":\"https:\/\/grupovertice.com\/blog\/\"},{\"@type\":\"ListItem\",\"position\":2,\"name\":\"As\\u00ed es la mayor oferta de empleo p\\u00fablico de la \\u00faltima d\\u00e9cada\"}]},{\"@type\":\"Person\",\"@id\":\"https:\/\/grupovertice.com\/blog\/#\/schema\/person\/381663d1e3ca04704bf429d4614c78d8\",\"name\":\"admin\",\"image\":{\"@type\":\"ImageObject\",\"@id\":\"https:\/\/grupovertice.com\/blog\/#personlogo\",\"inLanguage\":\"es\",\"url\":\"https:\/\/secure.gravatar.com\/avatar\/2df9ff9cd44a1e8b6c61018214076820?s=96&d=mm&r=g\",\"contentUrl\":\"https:\/\/secure.gravatar.com\/avatar\/2df9ff9cd44a1e8b6c61018214076820?s=96&d=mm&r=g\",\"caption\":\"admin\"},\"url\":\"https:\/\/grupovertice.com\/blog\/author\/adminvb\/\"}]}<\/script>\n<!-- \/ Yoast SEO plugin. -->","yoast_head_json":{"title":"As\u00ed es la mayor oferta de empleo p\u00fablico de la \u00faltima d\u00e9cada - V\u00c9RTICE","robots":{"index":"index","follow":"follow","max-snippet":"max-snippet:-1","max-image-preview":"max-image-preview:large","max-video-preview":"max-video-preview:-1"},"canonical":"https:\/\/grupovertice.com\/blog\/asi-la-mayor-oferta-empleo-publico-la-ultima-decada\/","og_locale":"es_ES","og_type":"article","og_title":"As\u00ed es la mayor oferta de empleo p\u00fablico de la \u00faltima d\u00e9cada - V\u00c9RTICE","og_description":"Tania Ca\u00f1as Directora de Comunicaci\u00f3n Los espa\u00f1oles que se han propuesto encontrar un trabajo estable en los pr\u00f3ximos meses est\u00e1n","og_url":"https:\/\/grupovertice.com\/blog\/asi-la-mayor-oferta-empleo-publico-la-ultima-decada\/","og_site_name":"V\u00c9RTICE","article_published_time":"2017-07-14T11:02:02+00:00","article_modified_time":"2017-07-18T06:52:32+00:00","og_image":[{"width":800,"height":445,"url":"https:\/\/www.vertice.org\/blog\/wp-content\/uploads\/2017\/07\/oferta_oposiciones-1.png","path":"\/home\/vertice\/public_html\/blog\/wp-content\/uploads\/2017\/07\/oferta_oposiciones-1.png","size":"full","id":4054,"alt":"oferta_oposiciones","pixels":356000,"type":"image\/png"}],"twitter_card":"summary","twitter_misc":{"Escrito por":"admin","Tiempo de lectura":"2 minutos"},"schema":{"@context":"https:\/\/schema.org","@graph":[{"@type":"WebSite","@id":"https:\/\/grupovertice.com\/blog\/#website","url":"https:\/\/grupovertice.com\/blog\/","name":"V\u00c9RTICE","description":"BLOG DE FORMACI\u00d3N Y EMPLEO","potentialAction":[{"@type":"SearchAction","target":{"@type":"EntryPoint","urlTemplate":"https:\/\/grupovertice.com\/blog\/?s={search_term_string}"},"query-input":"required name=search_term_string"}],"inLanguage":"es"},{"@type":"ImageObject","@id":"https:\/\/grupovertice.com\/blog\/asi-la-mayor-oferta-empleo-publico-la-ultima-decada\/#primaryimage","inLanguage":"es","url":"https:\/\/grupovertice.com\/blog\/wp-content\/uploads\/2017\/07\/oferta_oposiciones-1.png","contentUrl":"https:\/\/grupovertice.com\/blog\/wp-content\/uploads\/2017\/07\/oferta_oposiciones-1.png","width":800,"height":445,"caption":"oferta_oposiciones"},{"@type":"WebPage","@id":"https:\/\/grupovertice.com\/blog\/asi-la-mayor-oferta-empleo-publico-la-ultima-decada\/#webpage","url":"https:\/\/grupovertice.com\/blog\/asi-la-mayor-oferta-empleo-publico-la-ultima-decada\/","name":"As\u00ed es la mayor oferta de empleo p\u00fablico de la \u00faltima d\u00e9cada - V\u00c9RTICE","isPartOf":{"@id":"https:\/\/grupovertice.com\/blog\/#website"},"primaryImageOfPage":{"@id":"https:\/\/grupovertice.com\/blog\/asi-la-mayor-oferta-empleo-publico-la-ultima-decada\/#primaryimage"},"datePublished":"2017-07-14T11:02:02+00:00","dateModified":"2017-07-18T06:52:32+00:00","author":{"@id":"https:\/\/grupovertice.com\/blog\/#\/schema\/person\/381663d1e3ca04704bf429d4614c78d8"},"breadcrumb":{"@id":"https:\/\/grupovertice.com\/blog\/asi-la-mayor-oferta-empleo-publico-la-ultima-decada\/#breadcrumb"},"inLanguage":"es","potentialAction":[{"@type":"ReadAction","target":["https:\/\/grupovertice.com\/blog\/asi-la-mayor-oferta-empleo-publico-la-ultima-decada\/"]}]},{"@type":"BreadcrumbList","@id":"https:\/\/grupovertice.com\/blog\/asi-la-mayor-oferta-empleo-publico-la-ultima-decada\/#breadcrumb","itemListElement":[{"@type":"ListItem","position":1,"name":"Portada","item":"https:\/\/grupovertice.com\/blog\/"},{"@type":"ListItem","position":2,"name":"As\u00ed es la mayor oferta de empleo p\u00fablico de la \u00faltima d\u00e9cada"}]},{"@type":"Person","@id":"https:\/\/grupovertice.com\/blog\/#\/schema\/person\/381663d1e3ca04704bf429d4614c78d8","name":"admin","image":{"@type":"ImageObject","@id":"https:\/\/grupovertice.com\/blog\/#personlogo","inLanguage":"es","url":"https:\/\/secure.gravatar.com\/avatar\/2df9ff9cd44a1e8b6c61018214076820?s=96&d=mm&r=g","contentUrl":"https:\/\/secure.gravatar.com\/avatar\/2df9ff9cd44a1e8b6c61018214076820?s=96&d=mm&r=g","caption":"admin"},"url":"https:\/\/grupovertice.com\/blog\/author\/adminvb\/"}]}},"fimg_url":"https:\/\/grupovertice.com\/blog\/wp-content\/uploads\/2017\/07\/oferta_oposiciones-1.png","categories_names":["Comunicaciones","Empleo"],"medio":"","clean-title":true,"_links":{"self":[{"href":"https:\/\/grupovertice.com\/blog\/wp-json\/wp\/v2\/posts\/4049"}],"collection":[{"href":"https:\/\/grupovertice.com\/blog\/wp-json\/wp\/v2\/posts"}],"about":[{"href":"https:\/\/grupovertice.com\/blog\/wp-json\/wp\/v2\/types\/post"}],"author":[{"embeddable":true,"href":"https:\/\/grupovertice.com\/blog\/wp-json\/wp\/v2\/users\/3"}],"replies":[{"embeddable":true,"href":"https:\/\/grupovertice.com\/blog\/wp-json\/wp\/v2\/comments?post=4049"}],"version-history":[{"count":1,"href":"https:\/\/grupovertice.com\/blog\/wp-json\/wp\/v2\/posts\/4049\/revisions"}],"predecessor-version":[{"id":4052,"href":"https:\/\/grupovertice.com\/blog\/wp-json\/wp\/v2\/posts\/4049\/revisions\/4052"}],"wp:featuredmedia":[{"embeddable":true,"href":"https:\/\/grupovertice.com\/blog\/wp-json\/wp\/v2\/media\/4054"}],"wp:attachment":[{"href":"https:\/\/grupovertice.com\/blog\/wp-json\/wp\/v2\/media?parent=4049"}],"wp:term":[{"taxonomy":"category","embeddable":true,"href":"https:\/\/grupovertice.com\/blog\/wp-json\/wp\/v2\/categories?post=4049"},{"taxonomy":"post_tag","embeddable":true,"href":"https:\/\/grupovertice.com\/blog\/wp-json\/wp\/v2\/tags?post=4049"}],"curies":[{"name":"wp","href":"https:\/\/api.w.org\/{rel}","templated":true}]}}