{"id":3983,"date":"2017-06-16T11:04:48","date_gmt":"2017-06-16T11:04:48","guid":{"rendered":"http:\/\/www.vertice.org\/blog\/?p=3983"},"modified":"2017-06-16T11:18:39","modified_gmt":"2017-06-16T11:18:39","slug":"se-ha-invertido-mucho-tiempo-dinero-promocionar-las-energias-limpias","status":"publish","type":"post","link":"https:\/\/grupovertice.com\/blog\/se-ha-invertido-mucho-tiempo-dinero-promocionar-las-energias-limpias\/","title":{"rendered":"\u00abSe ha invertido mucho tiempo y dinero en promocionar las energ\u00edas limpias\u201d"},"content":{"rendered":"<p><em>F\u00e1tima S\u00e1nchez<\/em><br \/>\n<em>Experta en Medio Ambiente de V\u00e9rtice<\/em><\/p>\n<p>Desde <a href=\"http:\/\/www.inieco.com\/0617-inieco-es-tu-momento.html?agencia=40\" target=\"_blank\" rel=\"noopener noreferrer\">INIECO<\/a> seguimos analizando el futuro del \u2018Acuerdo de Par\u00eds\u2019 (2015) tras la declaraci\u00f3n de intenciones del presidente Donald Trump de impedir a Estados Unidos que cumpla con su responsabilidad en el trabajo conjunto de luchar contra el Cambio Clim\u00e1tico. Si la semana pasada analiz\u00e1bamos <a href=\"http:\/\/www.vertice.org\/blog\/trump-la-pequenez-geopolitica\/\" target=\"_blank\" rel=\"noopener noreferrer\">la coyuntura pol\u00edtica<\/a> tras esta declaraci\u00f3n con nuestro profesor del M\u00e1ster en Comunicaci\u00f3n Pol\u00edtica y Empresarial de V\u00e9rtice Business School, Francisco Luis Ben\u00edtez, ahora intentamos conocer sus consecuencias medioambientales con el an\u00e1lisis cr\u00edtico de nuestra experta medioambiental F\u00e1tima S\u00e1nchez.<\/p>\n<p><a href=\"http:\/\/www.vertice.org\/blog\/wp-content\/uploads\/2017\/06\/nature.jpg\"><img loading=\"lazy\" class=\"alignnone size-full wp-image-3979\" src=\"http:\/\/www.vertice.org\/blog\/wp-content\/uploads\/2017\/06\/nature.jpg\" alt=\"\" width=\"801\" height=\"444\" srcset=\"https:\/\/grupovertice.com\/blog\/wp-content\/uploads\/2017\/06\/nature.jpg 801w, https:\/\/grupovertice.com\/blog\/wp-content\/uploads\/2017\/06\/nature-300x166.jpg 300w, https:\/\/grupovertice.com\/blog\/wp-content\/uploads\/2017\/06\/nature-768x426.jpg 768w, https:\/\/grupovertice.com\/blog\/wp-content\/uploads\/2017\/06\/nature-800x444.jpg 800w\" sizes=\"(max-width: 801px) 100vw, 801px\" \/><\/a><\/p>\n<p>Antes de entrar a valorar el futuro del planeta, es preciso destacar que <strong>el \u201cAcuerdo de Par\u00eds\u201d<\/strong> se origin\u00f3 en el marco de la Convenci\u00f3n de las Naciones Unidas sobre el Cambio Clim\u00e1tico en Par\u00eds (2015) y cont\u00f3 con la participaci\u00f3n de 195 pa\u00edses. El principal objetivo era evitar que la temperatura media global alcanzase valores superiores a los 2\u00baC respecto a los niveles preindustriales. As\u00ed como, intentar que estos valores no superen los 1,5\u00baC estableciendo diferentes medidas de control.<\/p>\n<p>Para conseguir la ratificaci\u00f3n del acuerdo, se necesitaba la firma de 55 pa\u00edses que representaran al menos el 55{77afc9efaf1e088110fdf21acc2f61167a0e1e0fd7207170e17906c001b8cd31} de las emisiones globales de los gases de efecto invernadero. El pacto fue firmado por 190 pa\u00edses entre los que se inclu\u00edan Estados Unidos que se comprometi\u00f3 a reducir sus emisiones entre un 26{77afc9efaf1e088110fdf21acc2f61167a0e1e0fd7207170e17906c001b8cd31} y un 28 {77afc9efaf1e088110fdf21acc2f61167a0e1e0fd7207170e17906c001b8cd31} para 2025.<\/p>\n<p>Sin embargo, <strong>la salida de Estados Unidos<\/strong> podr\u00eda suponer que uno de los pa\u00edses m\u00e1s contaminantes del mundo rechace su responsabilidad en la lucha contra el cambio clim\u00e1tico, dejando as\u00ed, el problema en manos del resto de los pa\u00edses. Un hecho bastante significativo, ya que si comparamos las emisiones de gases de efecto invernadero de todos los pa\u00edses de la Uni\u00f3n Europea con las emisiones de Estados Unidos, estas no supondr\u00edan ni la mitad de las emisiones.<\/p>\n<p>Estados Unidos ha dado un paso atr\u00e1s en la lucha por el Cambio Clim\u00e1tico y parece que va a seguir incentivando la econom\u00eda ligada a la utilizaci\u00f3n de <strong>combustibles f\u00f3siles<\/strong> con la repercusi\u00f3n que este hecho tiene para el clima. Sin embargo, es necesario destacar que la capacidad que tienen los Estados de frenar el cambio clim\u00e1tico est\u00e1 directamente relacionada con la emisi\u00f3n que producen, por lo que es dif\u00edcil que sin el apoyo de Estados Unidos se pueda cumplir el objetivo del Acuerdo de Par\u00eds.<\/p>\n<p>En este ecosistema medioambiental, tambi\u00e9n cabe pensar que los Estados firmantes del Acuerdo de Par\u00eds tomar\u00e1n medidas para frenar el cambio clim\u00e1tico a pesar de la decisi\u00f3n de Estados Unidos, lo que probablemente tenga una <strong>repercusi\u00f3n negativa pol\u00edtica y econ\u00f3micamente<\/strong> para el pa\u00eds. Y es que se ha invertido mucho tiempo y dinero en la promoci\u00f3n de las denominadas \u2018energ\u00edas limpias\u2019 y en el uso sostenible de las mismas para que un \u00fanico pa\u00eds cambie las pol\u00edticas a nivel mundial retrocediendo, as\u00ed, en los avances conseguidos.<\/p>\n<p>Sin duda, el cambio clim\u00e1tico es real, los datos cient\u00edficos lo avalan y es irreversible, lo \u00fanico que se puede hacer es tratar de frenarlo y el Acuerdo de Par\u00eds es el paso m\u00e1s importante que se ha dado a nivel pol\u00edtico en este sentido. Asimismo, tratar de obstaculizar la consecuci\u00f3n de los objetivos del Acuerdo de Par\u00eds podr\u00eda tener <strong>unas consecuencias catastr\u00f3ficas<\/strong> para el Medio Ambiente.<\/p>\n<p><em>La controversia sobre Trump y el Acuerdo de Par\u00eds, as\u00ed como otras cuestiones de actualidad, son temas que tratamos en nuestro <a href=\"http:\/\/www.inieco.com\/0617-inieco-es-tu-momento.html\" target=\"_blank\" rel=\"noopener noreferrer\">programa de m\u00e1ster de especializaci\u00f3n ambiental<\/a>. Desde INIECO, dedicamos un gran esfuerzo a luchar contra el Cambio Clim\u00e1tico a trav\u00e9s del M\u00e1ster en Cambio Clim\u00e1tico y Desarrollo Sostenible. Una oportunidad de estudiar los aspectos macroecol\u00f3gicos que intervienen en la modificaci\u00f3n del clima del planeta.<\/em><\/p>\n<p>&nbsp;<\/p>\n","protected":false},"excerpt":{"rendered":"<p>F\u00e1tima S\u00e1nchez Experta en Medio Ambiente de V\u00e9rtice Desde INIECO seguimos analizando el futuro del \u2018Acuerdo de Par\u00eds\u2019 (2015) tras<\/p>\n","protected":false},"author":3,"featured_media":3979,"comment_status":"open","ping_status":"open","sticky":false,"template":"","format":"standard","meta":{"_monsterinsights_skip_tracking":false,"_monsterinsights_sitenote_active":false,"_monsterinsights_sitenote_note":"","_monsterinsights_sitenote_category":0},"categories":[221,6],"tags":[251,252,254,253,106,250],"yoast_head":"<!-- This site is optimized with the Yoast SEO plugin v17.2 - https:\/\/yoast.com\/wordpress\/plugins\/seo\/ -->\n<title>&quot;Se ha invertido mucho tiempo y dinero en promocionar las energ\u00edas limpias\u201d - V\u00c9RTICE<\/title>\n<meta name=\"robots\" content=\"index, follow, max-snippet:-1, max-image-preview:large, max-video-preview:-1\" \/>\n<link rel=\"canonical\" href=\"https:\/\/grupovertice.com\/blog\/se-ha-invertido-mucho-tiempo-dinero-promocionar-las-energias-limpias\/\" \/>\n<meta property=\"og:locale\" content=\"es_ES\" \/>\n<meta property=\"og:type\" content=\"article\" \/>\n<meta property=\"og:title\" content=\"&quot;Se ha invertido mucho tiempo y dinero en promocionar las energ\u00edas limpias\u201d - V\u00c9RTICE\" \/>\n<meta property=\"og:description\" content=\"F\u00e1tima S\u00e1nchez Experta en Medio Ambiente de V\u00e9rtice Desde INIECO seguimos analizando el futuro del \u2018Acuerdo de Par\u00eds\u2019 (2015) tras\" \/>\n<meta property=\"og:url\" content=\"https:\/\/grupovertice.com\/blog\/se-ha-invertido-mucho-tiempo-dinero-promocionar-las-energias-limpias\/\" \/>\n<meta property=\"og:site_name\" content=\"V\u00c9RTICE\" \/>\n<meta property=\"article:published_time\" content=\"2017-06-16T11:04:48+00:00\" \/>\n<meta property=\"article:modified_time\" content=\"2017-06-16T11:18:39+00:00\" \/>\n<meta property=\"og:image\" content=\"https:\/\/www.vertice.org\/blog\/wp-content\/uploads\/2017\/06\/nature.jpg\" \/>\n\t<meta property=\"og:image:width\" content=\"801\" \/>\n\t<meta property=\"og:image:height\" content=\"444\" \/>\n<meta name=\"twitter:card\" content=\"summary\" \/>\n<meta name=\"twitter:label1\" content=\"Escrito por\" \/>\n\t<meta name=\"twitter:data1\" content=\"admin\" \/>\n\t<meta name=\"twitter:label2\" content=\"Tiempo de lectura\" \/>\n\t<meta name=\"twitter:data2\" content=\"4 minutos\" \/>\n<script type=\"application\/ld+json\" class=\"yoast-schema-graph\">{\"@context\":\"https:\/\/schema.org\",\"@graph\":[{\"@type\":\"WebSite\",\"@id\":\"https:\/\/grupovertice.com\/blog\/#website\",\"url\":\"https:\/\/grupovertice.com\/blog\/\",\"name\":\"V\\u00c9RTICE\",\"description\":\"BLOG DE FORMACI\\u00d3N Y EMPLEO\",\"potentialAction\":[{\"@type\":\"SearchAction\",\"target\":{\"@type\":\"EntryPoint\",\"urlTemplate\":\"https:\/\/grupovertice.com\/blog\/?s={search_term_string}\"},\"query-input\":\"required name=search_term_string\"}],\"inLanguage\":\"es\"},{\"@type\":\"ImageObject\",\"@id\":\"https:\/\/grupovertice.com\/blog\/se-ha-invertido-mucho-tiempo-dinero-promocionar-las-energias-limpias\/#primaryimage\",\"inLanguage\":\"es\",\"url\":\"https:\/\/grupovertice.com\/blog\/wp-content\/uploads\/2017\/06\/nature.jpg\",\"contentUrl\":\"https:\/\/grupovertice.com\/blog\/wp-content\/uploads\/2017\/06\/nature.jpg\",\"width\":801,\"height\":444},{\"@type\":\"WebPage\",\"@id\":\"https:\/\/grupovertice.com\/blog\/se-ha-invertido-mucho-tiempo-dinero-promocionar-las-energias-limpias\/#webpage\",\"url\":\"https:\/\/grupovertice.com\/blog\/se-ha-invertido-mucho-tiempo-dinero-promocionar-las-energias-limpias\/\",\"name\":\"\\\"Se ha invertido mucho tiempo y dinero en promocionar las energ\\u00edas limpias\\u201d - V\\u00c9RTICE\",\"isPartOf\":{\"@id\":\"https:\/\/grupovertice.com\/blog\/#website\"},\"primaryImageOfPage\":{\"@id\":\"https:\/\/grupovertice.com\/blog\/se-ha-invertido-mucho-tiempo-dinero-promocionar-las-energias-limpias\/#primaryimage\"},\"datePublished\":\"2017-06-16T11:04:48+00:00\",\"dateModified\":\"2017-06-16T11:18:39+00:00\",\"author\":{\"@id\":\"https:\/\/grupovertice.com\/blog\/#\/schema\/person\/381663d1e3ca04704bf429d4614c78d8\"},\"breadcrumb\":{\"@id\":\"https:\/\/grupovertice.com\/blog\/se-ha-invertido-mucho-tiempo-dinero-promocionar-las-energias-limpias\/#breadcrumb\"},\"inLanguage\":\"es\",\"potentialAction\":[{\"@type\":\"ReadAction\",\"target\":[\"https:\/\/grupovertice.com\/blog\/se-ha-invertido-mucho-tiempo-dinero-promocionar-las-energias-limpias\/\"]}]},{\"@type\":\"BreadcrumbList\",\"@id\":\"https:\/\/grupovertice.com\/blog\/se-ha-invertido-mucho-tiempo-dinero-promocionar-las-energias-limpias\/#breadcrumb\",\"itemListElement\":[{\"@type\":\"ListItem\",\"position\":1,\"name\":\"Portada\",\"item\":\"https:\/\/grupovertice.com\/blog\/\"},{\"@type\":\"ListItem\",\"position\":2,\"name\":\"\\u00abSe ha invertido mucho tiempo y dinero en promocionar las energ\\u00edas limpias\\u201d\"}]},{\"@type\":\"Person\",\"@id\":\"https:\/\/grupovertice.com\/blog\/#\/schema\/person\/381663d1e3ca04704bf429d4614c78d8\",\"name\":\"admin\",\"image\":{\"@type\":\"ImageObject\",\"@id\":\"https:\/\/grupovertice.com\/blog\/#personlogo\",\"inLanguage\":\"es\",\"url\":\"https:\/\/secure.gravatar.com\/avatar\/2df9ff9cd44a1e8b6c61018214076820?s=96&d=mm&r=g\",\"contentUrl\":\"https:\/\/secure.gravatar.com\/avatar\/2df9ff9cd44a1e8b6c61018214076820?s=96&d=mm&r=g\",\"caption\":\"admin\"},\"url\":\"https:\/\/grupovertice.com\/blog\/author\/adminvb\/\"}]}<\/script>\n<!-- \/ Yoast SEO plugin. -->","yoast_head_json":{"title":"\"Se ha invertido mucho tiempo y dinero en promocionar las energ\u00edas limpias\u201d - V\u00c9RTICE","robots":{"index":"index","follow":"follow","max-snippet":"max-snippet:-1","max-image-preview":"max-image-preview:large","max-video-preview":"max-video-preview:-1"},"canonical":"https:\/\/grupovertice.com\/blog\/se-ha-invertido-mucho-tiempo-dinero-promocionar-las-energias-limpias\/","og_locale":"es_ES","og_type":"article","og_title":"\"Se ha invertido mucho tiempo y dinero en promocionar las energ\u00edas limpias\u201d - V\u00c9RTICE","og_description":"F\u00e1tima S\u00e1nchez Experta en Medio Ambiente de V\u00e9rtice Desde INIECO seguimos analizando el futuro del \u2018Acuerdo de Par\u00eds\u2019 (2015) tras","og_url":"https:\/\/grupovertice.com\/blog\/se-ha-invertido-mucho-tiempo-dinero-promocionar-las-energias-limpias\/","og_site_name":"V\u00c9RTICE","article_published_time":"2017-06-16T11:04:48+00:00","article_modified_time":"2017-06-16T11:18:39+00:00","og_image":[{"width":801,"height":444,"url":"https:\/\/www.vertice.org\/blog\/wp-content\/uploads\/2017\/06\/nature.jpg","path":"\/home\/vertice\/public_html\/blog\/wp-content\/uploads\/2017\/06\/nature.jpg","size":"full","id":3979,"alt":"","pixels":355644,"type":"image\/jpeg"}],"twitter_card":"summary","twitter_misc":{"Escrito por":"admin","Tiempo de lectura":"4 minutos"},"schema":{"@context":"https:\/\/schema.org","@graph":[{"@type":"WebSite","@id":"https:\/\/grupovertice.com\/blog\/#website","url":"https:\/\/grupovertice.com\/blog\/","name":"V\u00c9RTICE","description":"BLOG DE FORMACI\u00d3N Y EMPLEO","potentialAction":[{"@type":"SearchAction","target":{"@type":"EntryPoint","urlTemplate":"https:\/\/grupovertice.com\/blog\/?s={search_term_string}"},"query-input":"required name=search_term_string"}],"inLanguage":"es"},{"@type":"ImageObject","@id":"https:\/\/grupovertice.com\/blog\/se-ha-invertido-mucho-tiempo-dinero-promocionar-las-energias-limpias\/#primaryimage","inLanguage":"es","url":"https:\/\/grupovertice.com\/blog\/wp-content\/uploads\/2017\/06\/nature.jpg","contentUrl":"https:\/\/grupovertice.com\/blog\/wp-content\/uploads\/2017\/06\/nature.jpg","width":801,"height":444},{"@type":"WebPage","@id":"https:\/\/grupovertice.com\/blog\/se-ha-invertido-mucho-tiempo-dinero-promocionar-las-energias-limpias\/#webpage","url":"https:\/\/grupovertice.com\/blog\/se-ha-invertido-mucho-tiempo-dinero-promocionar-las-energias-limpias\/","name":"\"Se ha invertido mucho tiempo y dinero en promocionar las energ\u00edas limpias\u201d - V\u00c9RTICE","isPartOf":{"@id":"https:\/\/grupovertice.com\/blog\/#website"},"primaryImageOfPage":{"@id":"https:\/\/grupovertice.com\/blog\/se-ha-invertido-mucho-tiempo-dinero-promocionar-las-energias-limpias\/#primaryimage"},"datePublished":"2017-06-16T11:04:48+00:00","dateModified":"2017-06-16T11:18:39+00:00","author":{"@id":"https:\/\/grupovertice.com\/blog\/#\/schema\/person\/381663d1e3ca04704bf429d4614c78d8"},"breadcrumb":{"@id":"https:\/\/grupovertice.com\/blog\/se-ha-invertido-mucho-tiempo-dinero-promocionar-las-energias-limpias\/#breadcrumb"},"inLanguage":"es","potentialAction":[{"@type":"ReadAction","target":["https:\/\/grupovertice.com\/blog\/se-ha-invertido-mucho-tiempo-dinero-promocionar-las-energias-limpias\/"]}]},{"@type":"BreadcrumbList","@id":"https:\/\/grupovertice.com\/blog\/se-ha-invertido-mucho-tiempo-dinero-promocionar-las-energias-limpias\/#breadcrumb","itemListElement":[{"@type":"ListItem","position":1,"name":"Portada","item":"https:\/\/grupovertice.com\/blog\/"},{"@type":"ListItem","position":2,"name":"\u00abSe ha invertido mucho tiempo y dinero en promocionar las energ\u00edas limpias\u201d"}]},{"@type":"Person","@id":"https:\/\/grupovertice.com\/blog\/#\/schema\/person\/381663d1e3ca04704bf429d4614c78d8","name":"admin","image":{"@type":"ImageObject","@id":"https:\/\/grupovertice.com\/blog\/#personlogo","inLanguage":"es","url":"https:\/\/secure.gravatar.com\/avatar\/2df9ff9cd44a1e8b6c61018214076820?s=96&d=mm&r=g","contentUrl":"https:\/\/secure.gravatar.com\/avatar\/2df9ff9cd44a1e8b6c61018214076820?s=96&d=mm&r=g","caption":"admin"},"url":"https:\/\/grupovertice.com\/blog\/author\/adminvb\/"}]}},"fimg_url":"https:\/\/grupovertice.com\/blog\/wp-content\/uploads\/2017\/06\/nature.jpg","categories_names":["Comunicaciones","Formaci\u00f3n"],"medio":"","clean-title":true,"_links":{"self":[{"href":"https:\/\/grupovertice.com\/blog\/wp-json\/wp\/v2\/posts\/3983"}],"collection":[{"href":"https:\/\/grupovertice.com\/blog\/wp-json\/wp\/v2\/posts"}],"about":[{"href":"https:\/\/grupovertice.com\/blog\/wp-json\/wp\/v2\/types\/post"}],"author":[{"embeddable":true,"href":"https:\/\/grupovertice.com\/blog\/wp-json\/wp\/v2\/users\/3"}],"replies":[{"embeddable":true,"href":"https:\/\/grupovertice.com\/blog\/wp-json\/wp\/v2\/comments?post=3983"}],"version-history":[{"count":7,"href":"https:\/\/grupovertice.com\/blog\/wp-json\/wp\/v2\/posts\/3983\/revisions"}],"predecessor-version":[{"id":3996,"href":"https:\/\/grupovertice.com\/blog\/wp-json\/wp\/v2\/posts\/3983\/revisions\/3996"}],"wp:featuredmedia":[{"embeddable":true,"href":"https:\/\/grupovertice.com\/blog\/wp-json\/wp\/v2\/media\/3979"}],"wp:attachment":[{"href":"https:\/\/grupovertice.com\/blog\/wp-json\/wp\/v2\/media?parent=3983"}],"wp:term":[{"taxonomy":"category","embeddable":true,"href":"https:\/\/grupovertice.com\/blog\/wp-json\/wp\/v2\/categories?post=3983"},{"taxonomy":"post_tag","embeddable":true,"href":"https:\/\/grupovertice.com\/blog\/wp-json\/wp\/v2\/tags?post=3983"}],"curies":[{"name":"wp","href":"https:\/\/api.w.org\/{rel}","templated":true}]}}