{"id":3935,"date":"2017-06-01T14:19:08","date_gmt":"2017-06-01T14:19:08","guid":{"rendered":"http:\/\/www.vertice.org\/blog\/?p=3935"},"modified":"2017-06-05T12:33:58","modified_gmt":"2017-06-05T12:33:58","slug":"crear-marca-personal-las-redes-sociales","status":"publish","type":"post","link":"https:\/\/grupovertice.com\/blog\/crear-marca-personal-las-redes-sociales\/","title":{"rendered":"C\u00f3mo crear tu Marca Personal en las Redes Sociales"},"content":{"rendered":"<p><em>Nilton Navarro<\/em><br \/>\n<em>Community Manager de InfoJobs<\/em><\/p>\n<p><a href=\"http:\/\/www.vertice.org\/blog\/wp-content\/uploads\/2017\/06\/nilton800x450.jpg\"><img loading=\"lazy\" class=\"size-full wp-image-3943 aligncenter\" src=\"http:\/\/www.vertice.org\/blog\/wp-content\/uploads\/2017\/06\/nilton800x450.jpg\" alt=\"\" width=\"800\" height=\"450\" srcset=\"https:\/\/grupovertice.com\/blog\/wp-content\/uploads\/2017\/06\/nilton800x450.jpg 800w, https:\/\/grupovertice.com\/blog\/wp-content\/uploads\/2017\/06\/nilton800x450-300x169.jpg 300w, https:\/\/grupovertice.com\/blog\/wp-content\/uploads\/2017\/06\/nilton800x450-768x432.jpg 768w\" sizes=\"(max-width: 800px) 100vw, 800px\" \/><\/a><\/p>\n<p>Internet nos abri\u00f3 las puertas para disponer de informaci\u00f3n de forma inmediata y las <strong>redes sociales<\/strong> nos pueden ayudar a encontrar nuevos proyectos, oportunidades o trabajos porque son un escaparate para explicar lo que sabemos y lo que somos capaces de hacer.<\/p>\n<p>En muchas ocasiones, me han preguntado:<em><strong> \u00bfsirven las redes sociales para encontrar un empleo? <\/strong><\/em>S\u00ed, las redes sociales son una potente herramienta para encontrar un trabajo o nuevos proyectos. Nuestros perfiles son un escaparate para decir qui\u00e9nes somos, qu\u00e9 hacemos y c\u00f3mo lo hacemos, as\u00ed que es fundamental que utilicemos las redes sociales profesionalmente.<\/p>\n<p>Hoy en d\u00eda, los\u00a0<em>nethunters<\/em>\u00a0nos est\u00e1n mirando e interactuando con nosotros y muchas veces no nos damos cuenta y por esto debemos cuidar nuestros perfiles y utilizarlos de forma responsable. En un\u00a0informe que publicamos en\u00a0InfoJobs,\u00a0descubr\u00edamos que en 1 de cada 3 procesos de selecci\u00f3n en Espa\u00f1a se ha descartado al candidato por su actividad en redes sociales. Esto demuestra que nuestras redes sociales son muy importantes para los reclutadores.<\/p>\n<p><a href=\"http:\/\/verticetv.com\/experiencias-cumlaude\/?agencia=40&amp;campana=323\"><img loading=\"lazy\" class=\"alignnone wp-image-3951 size-full\" src=\"http:\/\/www.vertice.org\/blog\/wp-content\/uploads\/2017\/06\/banner-blog2.gif\" alt=\"\" width=\"800\" height=\"150\" \/><\/a><\/p>\n<p>\u00bfSab\u00edas que la primera entrevista de empleo se puede hacer en las redes sociales? En muchas ocasiones cuando los reclutadores o\u00a0<em>nethunters<\/em>\u00a0reciben tu curr\u00edculum, lo primero que hacen es\u00a0<strong><em>Googlearte<\/em><\/strong>, pero no lo hacen para chafardearte\/espiarte, sino\u00a0para conocerte m\u00e1s. \u00bfY qu\u00e9 es lo que mirar\u00e1n? Se fijar\u00e1n en tu foto de perfil, t\u00fa biograf\u00eda, c\u00f3mo hablas en redes sociales, con qui\u00e9n interact\u00faas, qu\u00e9 contenido compartes, qu\u00e9 uso les das, tus aficiones, tu personalidad, hobbies, man\u00edas\u2026.<strong> tu<\/strong> <strong>marca personal<\/strong>.<\/p>\n<p>Hoy en d\u00eda, si tienes una buena Marca Personal aumentas tu notoriedad en el mercado laboral y tus oportunidades crecen exponencialmente. Hay muchas definiciones y por eso te comparto la que para m\u00ed la define m\u00e1s:<\/p>\n<p style=\"color: #289dcc; font-size: 20px; text-align: center;\"><i>\u00abLa marca personal es\u00a0la huella que <\/i><i>dejamos en el coraz\u00f3n de los dem\u00e1s\u201d<\/i><\/p>\n<p style=\"color: #289dcc; font-size: 20px; text-align: right; margin-right: 52px;\">Jordi Colell<\/p>\n<p>La marca personal no es para \u201cvenderte\u201d, sino para dar a conocer lo que sabes hacer<strong>. <\/strong>Ya no basta con tener titulaciones para encontrar empleo, hay que tener actitudes, aptitudes y valores que demuestren tu talento, y\u00a0las redes sociales son tu mejor aliado.<\/p>\n<p>A continuaci\u00f3n, te dejo seis consejos para potenciar tu <strong>Marca Personal<\/strong> en redes sociales:<\/p>\n<ul>\n<li style=\"margin-bottom: 10px; font-size: 15px;\">Cuida tu <strong>foto de perfil<\/strong> en las redes sociales. Tu fotograf\u00eda debe transmitir tus valores, capturar tu personalidad y demostrar tu esencia.<\/li>\n<li style=\"margin-bottom: 10px; font-size: 15px;\">Cuida tu <strong>biograf\u00eda<\/strong>. Escribe en tu bio c\u00f3mo quieres ser reconocido en el mundo digital.<\/li>\n<li style=\"margin-bottom: 10px; font-size: 15px;\">Demuestra que<strong> sabes de lo que hablas<\/strong> y que est\u00e1s constantemente actualizado.<\/li>\n<li style=\"margin-bottom: 10px; font-size: 15px;\"><strong>Agradece, ayuda y felicita.<\/strong> No solo difundas contenido, sociabiliza e interact\u00faa.<\/li>\n<li style=\"margin-bottom: 10px; font-size: 15px;\"><strong>Humaniza tu marca<\/strong><u>.<\/u> Demuestra tus valores, aficiones, personaliza tus redes y sobre todo se aut\u00e9ntico.<\/li>\n<li style=\"margin-bottom: 10px; font-size: 15px;\"><strong>\u201cS\u00e9<\/strong> <strong>t\u00fa mismo<\/strong>. Los dem\u00e1s puestos est\u00e1n ocupados\u201d.<\/li>\n<\/ul>\n<p>&nbsp;<\/p>\n<p style=\"color: #289dcc; font-size: 20px; text-align: center;\"><i>Experiencias Cum Laude<\/i><\/p>\n<p>En esta ocasi\u00f3n, Nilton Navarro ha sido la primera firma invitada que ofrecer\u00e1\u00a0su perspectiva sobre el uso de las redes sociales en la b\u00fasqueda activa de empleo y nuevas oportunidades profesionales el pr\u00f3ximo 27\u00a0de junio a trav\u00e9s de un webinar. <a href=\"http:\/\/verticetv.com\/experiencias-cumlaude\/?agencia=40&amp;campana=323\" target=\"_blank\" rel=\"noopener noreferrer\">Experiencias Cum Laude<\/a> aterriza con el objetivo de compartir la visi\u00f3n estrat\u00e9gica de expertos de diversos sectores profesionales a trav\u00e9s de video entrevistas exclusivas para los alumnos de V\u00e9rtice.<\/p>\n","protected":false},"excerpt":{"rendered":"<p>Nilton Navarro Community Manager de InfoJobs Internet nos abri\u00f3 las puertas para disponer de informaci\u00f3n de forma inmediata y las<\/p>\n","protected":false},"author":3,"featured_media":3943,"comment_status":"open","ping_status":"open","sticky":false,"template":"","format":"standard","meta":{"_monsterinsights_skip_tracking":false,"_monsterinsights_sitenote_active":false,"_monsterinsights_sitenote_note":"","_monsterinsights_sitenote_category":0},"categories":[221,6],"tags":[74,245,247,243,246],"yoast_head":"<!-- This site is optimized with the Yoast SEO plugin v17.2 - https:\/\/yoast.com\/wordpress\/plugins\/seo\/ -->\n<title>C\u00f3mo crear tu Marca Personal en las Redes Sociales<\/title>\n<meta name=\"description\" content=\"Internet nos abri\u00f3 las puertas para disponer de informaci\u00f3n de forma inmediata y las redes sociales nos pueden ayudar a encontrar nuevos proyectos,...\" \/>\n<meta name=\"robots\" content=\"index, follow, max-snippet:-1, max-image-preview:large, max-video-preview:-1\" \/>\n<link rel=\"canonical\" href=\"https:\/\/grupovertice.com\/blog\/crear-marca-personal-las-redes-sociales\/\" \/>\n<meta property=\"og:locale\" content=\"es_ES\" \/>\n<meta property=\"og:type\" content=\"article\" \/>\n<meta property=\"og:title\" content=\"C\u00f3mo crear tu Marca Personal en las Redes Sociales\" \/>\n<meta property=\"og:description\" content=\"Internet nos abri\u00f3 las puertas para disponer de informaci\u00f3n de forma inmediata y las redes sociales nos pueden ayudar a encontrar nuevos proyectos,...\" \/>\n<meta property=\"og:url\" content=\"https:\/\/grupovertice.com\/blog\/crear-marca-personal-las-redes-sociales\/\" \/>\n<meta property=\"og:site_name\" content=\"V\u00c9RTICE\" \/>\n<meta property=\"article:published_time\" content=\"2017-06-01T14:19:08+00:00\" \/>\n<meta property=\"article:modified_time\" content=\"2017-06-05T12:33:58+00:00\" \/>\n<meta property=\"og:image\" content=\"https:\/\/www.vertice.org\/blog\/wp-content\/uploads\/2017\/05\/cabeceraWEBI_experiencias_cumlaude-02.jpg\" \/>\n\t<meta property=\"og:image:width\" content=\"401\" \/>\n\t<meta property=\"og:image:height\" content=\"160\" \/>\n<meta name=\"twitter:card\" content=\"summary\" \/>\n<meta name=\"twitter:title\" content=\"C\u00f3mo crear tu Marca Personal en las Redes Sociales\" \/>\n<meta name=\"twitter:description\" content=\"Internet nos abri\u00f3 las puertas para disponer de informaci\u00f3n de forma inmediata y las redes sociales nos pueden ayudar a encontrar nuevos proyectos,...\" \/>\n<meta name=\"twitter:image\" content=\"http:\/\/www.vertice.org\/blog\/wp-content\/uploads\/2017\/05\/cabeceraWEBI_experiencias_cumlaude-02.jpg\" \/>\n<meta name=\"twitter:label1\" content=\"Escrito por\" \/>\n\t<meta name=\"twitter:data1\" content=\"admin\" \/>\n\t<meta name=\"twitter:label2\" content=\"Tiempo de lectura\" \/>\n\t<meta name=\"twitter:data2\" content=\"3 minutos\" \/>\n<script type=\"application\/ld+json\" class=\"yoast-schema-graph\">{\"@context\":\"https:\/\/schema.org\",\"@graph\":[{\"@type\":\"WebSite\",\"@id\":\"https:\/\/grupovertice.com\/blog\/#website\",\"url\":\"https:\/\/grupovertice.com\/blog\/\",\"name\":\"V\\u00c9RTICE\",\"description\":\"BLOG DE FORMACI\\u00d3N Y EMPLEO\",\"potentialAction\":[{\"@type\":\"SearchAction\",\"target\":{\"@type\":\"EntryPoint\",\"urlTemplate\":\"https:\/\/grupovertice.com\/blog\/?s={search_term_string}\"},\"query-input\":\"required name=search_term_string\"}],\"inLanguage\":\"es\"},{\"@type\":\"ImageObject\",\"@id\":\"https:\/\/grupovertice.com\/blog\/crear-marca-personal-las-redes-sociales\/#primaryimage\",\"inLanguage\":\"es\",\"url\":\"https:\/\/grupovertice.com\/blog\/wp-content\/uploads\/2017\/05\/cabeceraWEBI_experiencias_cumlaude-02.jpg\",\"contentUrl\":\"https:\/\/grupovertice.com\/blog\/wp-content\/uploads\/2017\/05\/cabeceraWEBI_experiencias_cumlaude-02.jpg\",\"width\":401,\"height\":160},{\"@type\":\"WebPage\",\"@id\":\"https:\/\/grupovertice.com\/blog\/crear-marca-personal-las-redes-sociales\/#webpage\",\"url\":\"https:\/\/grupovertice.com\/blog\/crear-marca-personal-las-redes-sociales\/\",\"name\":\"C\\u00f3mo crear tu Marca Personal en las Redes Sociales\",\"isPartOf\":{\"@id\":\"https:\/\/grupovertice.com\/blog\/#website\"},\"primaryImageOfPage\":{\"@id\":\"https:\/\/grupovertice.com\/blog\/crear-marca-personal-las-redes-sociales\/#primaryimage\"},\"datePublished\":\"2017-06-01T14:19:08+00:00\",\"dateModified\":\"2017-06-05T12:33:58+00:00\",\"author\":{\"@id\":\"https:\/\/grupovertice.com\/blog\/#\/schema\/person\/381663d1e3ca04704bf429d4614c78d8\"},\"description\":\"Internet nos abri\\u00f3 las puertas para disponer de informaci\\u00f3n de forma inmediata y las redes sociales nos pueden ayudar a encontrar nuevos proyectos,...\",\"breadcrumb\":{\"@id\":\"https:\/\/grupovertice.com\/blog\/crear-marca-personal-las-redes-sociales\/#breadcrumb\"},\"inLanguage\":\"es\",\"potentialAction\":[{\"@type\":\"ReadAction\",\"target\":[\"https:\/\/grupovertice.com\/blog\/crear-marca-personal-las-redes-sociales\/\"]}]},{\"@type\":\"BreadcrumbList\",\"@id\":\"https:\/\/grupovertice.com\/blog\/crear-marca-personal-las-redes-sociales\/#breadcrumb\",\"itemListElement\":[{\"@type\":\"ListItem\",\"position\":1,\"name\":\"Portada\",\"item\":\"https:\/\/grupovertice.com\/blog\/\"},{\"@type\":\"ListItem\",\"position\":2,\"name\":\"C\\u00f3mo crear tu Marca Personal en las Redes Sociales\"}]},{\"@type\":\"Person\",\"@id\":\"https:\/\/grupovertice.com\/blog\/#\/schema\/person\/381663d1e3ca04704bf429d4614c78d8\",\"name\":\"admin\",\"image\":{\"@type\":\"ImageObject\",\"@id\":\"https:\/\/grupovertice.com\/blog\/#personlogo\",\"inLanguage\":\"es\",\"url\":\"https:\/\/secure.gravatar.com\/avatar\/2df9ff9cd44a1e8b6c61018214076820?s=96&d=mm&r=g\",\"contentUrl\":\"https:\/\/secure.gravatar.com\/avatar\/2df9ff9cd44a1e8b6c61018214076820?s=96&d=mm&r=g\",\"caption\":\"admin\"},\"url\":\"https:\/\/grupovertice.com\/blog\/author\/adminvb\/\"}]}<\/script>\n<!-- \/ Yoast SEO plugin. -->","yoast_head_json":{"title":"C\u00f3mo crear tu Marca Personal en las Redes Sociales","description":"Internet nos abri\u00f3 las puertas para disponer de informaci\u00f3n de forma inmediata y las redes sociales nos pueden ayudar a encontrar nuevos proyectos,...","robots":{"index":"index","follow":"follow","max-snippet":"max-snippet:-1","max-image-preview":"max-image-preview:large","max-video-preview":"max-video-preview:-1"},"canonical":"https:\/\/grupovertice.com\/blog\/crear-marca-personal-las-redes-sociales\/","og_locale":"es_ES","og_type":"article","og_title":"C\u00f3mo crear tu Marca Personal en las Redes Sociales","og_description":"Internet nos abri\u00f3 las puertas para disponer de informaci\u00f3n de forma inmediata y las redes sociales nos pueden ayudar a encontrar nuevos proyectos,...","og_url":"https:\/\/grupovertice.com\/blog\/crear-marca-personal-las-redes-sociales\/","og_site_name":"V\u00c9RTICE","article_published_time":"2017-06-01T14:19:08+00:00","article_modified_time":"2017-06-05T12:33:58+00:00","og_image":[{"width":401,"height":160,"url":"https:\/\/www.vertice.org\/blog\/wp-content\/uploads\/2017\/05\/cabeceraWEBI_experiencias_cumlaude-02.jpg","path":"\/home\/vertice\/public_html\/blog\/wp-content\/uploads\/2017\/05\/cabeceraWEBI_experiencias_cumlaude-02.jpg","size":"full","id":"3883","alt":"","pixels":64160,"type":"image\/jpeg"}],"twitter_card":"summary","twitter_title":"C\u00f3mo crear tu Marca Personal en las Redes Sociales","twitter_description":"Internet nos abri\u00f3 las puertas para disponer de informaci\u00f3n de forma inmediata y las redes sociales nos pueden ayudar a encontrar nuevos proyectos,...","twitter_image":"http:\/\/www.vertice.org\/blog\/wp-content\/uploads\/2017\/05\/cabeceraWEBI_experiencias_cumlaude-02.jpg","twitter_misc":{"Escrito por":"admin","Tiempo de lectura":"3 minutos"},"schema":{"@context":"https:\/\/schema.org","@graph":[{"@type":"WebSite","@id":"https:\/\/grupovertice.com\/blog\/#website","url":"https:\/\/grupovertice.com\/blog\/","name":"V\u00c9RTICE","description":"BLOG DE FORMACI\u00d3N Y EMPLEO","potentialAction":[{"@type":"SearchAction","target":{"@type":"EntryPoint","urlTemplate":"https:\/\/grupovertice.com\/blog\/?s={search_term_string}"},"query-input":"required name=search_term_string"}],"inLanguage":"es"},{"@type":"ImageObject","@id":"https:\/\/grupovertice.com\/blog\/crear-marca-personal-las-redes-sociales\/#primaryimage","inLanguage":"es","url":"https:\/\/grupovertice.com\/blog\/wp-content\/uploads\/2017\/05\/cabeceraWEBI_experiencias_cumlaude-02.jpg","contentUrl":"https:\/\/grupovertice.com\/blog\/wp-content\/uploads\/2017\/05\/cabeceraWEBI_experiencias_cumlaude-02.jpg","width":401,"height":160},{"@type":"WebPage","@id":"https:\/\/grupovertice.com\/blog\/crear-marca-personal-las-redes-sociales\/#webpage","url":"https:\/\/grupovertice.com\/blog\/crear-marca-personal-las-redes-sociales\/","name":"C\u00f3mo crear tu Marca Personal en las Redes Sociales","isPartOf":{"@id":"https:\/\/grupovertice.com\/blog\/#website"},"primaryImageOfPage":{"@id":"https:\/\/grupovertice.com\/blog\/crear-marca-personal-las-redes-sociales\/#primaryimage"},"datePublished":"2017-06-01T14:19:08+00:00","dateModified":"2017-06-05T12:33:58+00:00","author":{"@id":"https:\/\/grupovertice.com\/blog\/#\/schema\/person\/381663d1e3ca04704bf429d4614c78d8"},"description":"Internet nos abri\u00f3 las puertas para disponer de informaci\u00f3n de forma inmediata y las redes sociales nos pueden ayudar a encontrar nuevos proyectos,...","breadcrumb":{"@id":"https:\/\/grupovertice.com\/blog\/crear-marca-personal-las-redes-sociales\/#breadcrumb"},"inLanguage":"es","potentialAction":[{"@type":"ReadAction","target":["https:\/\/grupovertice.com\/blog\/crear-marca-personal-las-redes-sociales\/"]}]},{"@type":"BreadcrumbList","@id":"https:\/\/grupovertice.com\/blog\/crear-marca-personal-las-redes-sociales\/#breadcrumb","itemListElement":[{"@type":"ListItem","position":1,"name":"Portada","item":"https:\/\/grupovertice.com\/blog\/"},{"@type":"ListItem","position":2,"name":"C\u00f3mo crear tu Marca Personal en las Redes Sociales"}]},{"@type":"Person","@id":"https:\/\/grupovertice.com\/blog\/#\/schema\/person\/381663d1e3ca04704bf429d4614c78d8","name":"admin","image":{"@type":"ImageObject","@id":"https:\/\/grupovertice.com\/blog\/#personlogo","inLanguage":"es","url":"https:\/\/secure.gravatar.com\/avatar\/2df9ff9cd44a1e8b6c61018214076820?s=96&d=mm&r=g","contentUrl":"https:\/\/secure.gravatar.com\/avatar\/2df9ff9cd44a1e8b6c61018214076820?s=96&d=mm&r=g","caption":"admin"},"url":"https:\/\/grupovertice.com\/blog\/author\/adminvb\/"}]}},"fimg_url":"https:\/\/grupovertice.com\/blog\/wp-content\/uploads\/2017\/06\/nilton800x450.jpg","categories_names":["Comunicaciones","Formaci\u00f3n"],"medio":"","clean-title":true,"_links":{"self":[{"href":"https:\/\/grupovertice.com\/blog\/wp-json\/wp\/v2\/posts\/3935"}],"collection":[{"href":"https:\/\/grupovertice.com\/blog\/wp-json\/wp\/v2\/posts"}],"about":[{"href":"https:\/\/grupovertice.com\/blog\/wp-json\/wp\/v2\/types\/post"}],"author":[{"embeddable":true,"href":"https:\/\/grupovertice.com\/blog\/wp-json\/wp\/v2\/users\/3"}],"replies":[{"embeddable":true,"href":"https:\/\/grupovertice.com\/blog\/wp-json\/wp\/v2\/comments?post=3935"}],"version-history":[{"count":10,"href":"https:\/\/grupovertice.com\/blog\/wp-json\/wp\/v2\/posts\/3935\/revisions"}],"predecessor-version":[{"id":3952,"href":"https:\/\/grupovertice.com\/blog\/wp-json\/wp\/v2\/posts\/3935\/revisions\/3952"}],"wp:featuredmedia":[{"embeddable":true,"href":"https:\/\/grupovertice.com\/blog\/wp-json\/wp\/v2\/media\/3943"}],"wp:attachment":[{"href":"https:\/\/grupovertice.com\/blog\/wp-json\/wp\/v2\/media?parent=3935"}],"wp:term":[{"taxonomy":"category","embeddable":true,"href":"https:\/\/grupovertice.com\/blog\/wp-json\/wp\/v2\/categories?post=3935"},{"taxonomy":"post_tag","embeddable":true,"href":"https:\/\/grupovertice.com\/blog\/wp-json\/wp\/v2\/tags?post=3935"}],"curies":[{"name":"wp","href":"https:\/\/api.w.org\/{rel}","templated":true}]}}