{"id":2666,"date":"2016-03-03T12:47:55","date_gmt":"2016-03-03T12:47:55","guid":{"rendered":"http:\/\/www.vertice.org\/blog\/?p=2666"},"modified":"2017-04-06T07:38:24","modified_gmt":"2017-04-06T07:38:24","slug":"ya-puedes-visitar-el-stand-de-vertice-en-expoelearning-y-expoformacion-las-ferias-mas-importantes-del-sector-de-la-formacion","status":"publish","type":"post","link":"https:\/\/grupovertice.com\/blog\/ya-puedes-visitar-el-stand-de-vertice-en-expoelearning-y-expoformacion-las-ferias-mas-importantes-del-sector-de-la-formacion\/","title":{"rendered":"Ya puedes visitar el stand de V\u00e9rtice en Expoelearning y Expoformaci\u00f3n, las ferias m\u00e1s importantes del sector de la formaci\u00f3n"},"content":{"rendered":"<p>Durante hoy jueves, 3 de Marzo y ma\u00f1ana viernes, tendr\u00e1n lugar en Madrid dos de los eventos m\u00e1s importantes del sector de la formaci\u00f3n, el <strong>Congreso Internacional y Feria profesional <a href=\"http:\/\/www.expoelearning.com\/\" target=\"_blank\">Expoelearning<\/a>, y El IX Congreso Nacional de Formaci\u00f3n Continua<\/strong>, <strong><a href=\"http:\/\/www.expoformacion.es\/\" target=\"_blank\">Expoformaci\u00f3n<\/a>. <\/strong>En cada una de ellas, <strong>V\u00e9rtice <\/strong>ha montado su propio stand para mostrar las soluciones e-learning contrastadas con m\u00e1s de 15 a\u00f1os de \u00e9xito en formaci\u00f3n online.<\/p>\n<p><strong>#Expoelearning,<\/strong> se celebra en el pabell\u00f3n 14 de #<strong>IFEMA, Feria de Madrid<\/strong>, \u00a0ser\u00e1 punto de encuentro del sector educativo, un escaparate en el que colaboran empresas, Universidades, centros de formaci\u00f3n, as\u00ed como instituciones p\u00fablicas, estudiantes y profesionales especializados en e-learning.<\/p>\n<p>V\u00e9rtice presentar\u00e1 las soluciones e-learning (Tarifa plana para 200 cursos online, acceso a m\u00e1s de 1.000 cursos online, manuales formativos&#8230;) en el <strong>stand EL21<\/strong> de la mano de Diego S\u00e1nchez, Director del \u00c1rea E-learning en V\u00e9rtice y Yolanda Arroyo, Coordinadora de Formaci\u00f3n en V\u00e9rtice<\/p>\n<p>Por otro lado<strong>, <\/strong>se celebra tambi\u00e9n durante los mismos d\u00edas<strong> #Expoformaci\u00f3n<\/strong>, un espacio donde la formaci\u00f3n y las nuevas l\u00edneas de negocio en este sector se dan a conocer y se debatir\u00e1n en m\u00e1s de 25 horas de charlas y ponencias.<\/p>\n<p><strong>Carlos Gin\u00e9s<\/strong>, Responsable de Expansi\u00f3n de V\u00e9rtice y <strong>\u00c1ngel Garc\u00eda<\/strong>, Responsable de Ventas en V\u00e9rtice estar\u00e1n en la\u00a0 <strong>mesa n\u00ba 5<\/strong> dentro del <strong>Palacio Municipal de Congresos de Madrid<\/strong>.<\/p>\n<p>Adem\u00e1s, en el congreso de #Expoformaci\u00f3n, el Director General de V\u00e9rtice, <strong>Alfonso Ochoa<\/strong>, presentar\u00e1 una ponencia sobre oportunidades de negocio de los Contratos de Formaci\u00f3n y Aprendizaje<\/p>\n<p>En ambos eventos, se podr\u00e1 conocer toda la oferta y productos formativos que V\u00e9rtice pone a disposici\u00f3n de sus clientes, adem\u00e1s de ponerse al d\u00eda de <strong>todas las novedades del sector<\/strong>.<\/p>\n<p>&nbsp;<\/p>\n<p>&nbsp;<\/p>\n<p>Departamento de Comunicaci\u00f3n<\/p>\n","protected":false},"excerpt":{"rendered":"<p>Durante hoy jueves, 3 de Marzo y ma\u00f1ana viernes, tendr\u00e1n lugar en Madrid dos de los eventos m\u00e1s importantes del<\/p>\n","protected":false},"author":3,"featured_media":2668,"comment_status":"open","ping_status":"open","sticky":false,"template":"","format":"standard","meta":{"_monsterinsights_skip_tracking":false,"_monsterinsights_sitenote_active":false,"_monsterinsights_sitenote_note":"","_monsterinsights_sitenote_category":0},"categories":[4],"tags":[],"yoast_head":"<!-- This site is optimized with the Yoast SEO plugin v17.2 - https:\/\/yoast.com\/wordpress\/plugins\/seo\/ -->\n<title>YA PUEDES VISITAR EL STAND DE V\u00c9RTICE EN EXPOELEARNING Y EXPOFORMACI\u00d3N, LAS FERIAS M\u00c1S IMPORTANTES DEL SECTOR DE LA FORMACI\u00d3N<\/title>\n<meta name=\"description\" content=\"Durante hoy jueves, 3 de Marzo y ma\u00f1ana, tendr\u00e1n lugar en Madrid los eventos m\u00e1s importantes del sector de la formaci\u00f3n, Expoelearning y Expoformaci\u00f3n\" \/>\n<meta name=\"robots\" content=\"index, follow, max-snippet:-1, max-image-preview:large, max-video-preview:-1\" \/>\n<link rel=\"canonical\" href=\"https:\/\/grupovertice.com\/blog\/ya-puedes-visitar-el-stand-de-vertice-en-expoelearning-y-expoformacion-las-ferias-mas-importantes-del-sector-de-la-formacion\/\" \/>\n<meta property=\"og:locale\" content=\"es_ES\" \/>\n<meta property=\"og:type\" content=\"article\" \/>\n<meta property=\"og:title\" content=\"YA PUEDES VISITAR EL STAND DE V\u00c9RTICE EN EXPOELEARNING Y EXPOFORMACI\u00d3N, LAS FERIAS M\u00c1S IMPORTANTES DEL SECTOR DE LA FORMACI\u00d3N\" \/>\n<meta property=\"og:description\" content=\"Durante hoy jueves, 3 de Marzo y ma\u00f1ana, tendr\u00e1n lugar en Madrid los eventos m\u00e1s importantes del sector de la formaci\u00f3n, Expoelearning y Expoformaci\u00f3n\" \/>\n<meta property=\"og:url\" content=\"https:\/\/grupovertice.com\/blog\/ya-puedes-visitar-el-stand-de-vertice-en-expoelearning-y-expoformacion-las-ferias-mas-importantes-del-sector-de-la-formacion\/\" \/>\n<meta property=\"og:site_name\" content=\"V\u00c9RTICE\" \/>\n<meta property=\"article:published_time\" content=\"2016-03-03T12:47:55+00:00\" \/>\n<meta property=\"article:modified_time\" content=\"2017-04-06T07:38:24+00:00\" \/>\n<meta property=\"og:image\" content=\"https:\/\/www.vertice.org\/blog\/wp-content\/uploads\/2016\/03\/feria_expoelearning.jpg\" \/>\n\t<meta property=\"og:image:width\" content=\"1400\" \/>\n\t<meta property=\"og:image:height\" content=\"682\" \/>\n<meta name=\"twitter:card\" content=\"summary\" \/>\n<meta name=\"twitter:title\" content=\"YA PUEDES VISITAR EL STAND DE V\u00c9RTICE EN EXPOELEARNING Y EXPOFORMACI\u00d3N, LAS FERIAS M\u00c1S IMPORTANTES DEL SECTOR DE LA FORMACI\u00d3N\" \/>\n<meta name=\"twitter:description\" content=\"Durante hoy jueves, 3 de Marzo y ma\u00f1ana, tendr\u00e1n lugar en Madrid los eventos m\u00e1s importantes del sector de la formaci\u00f3n, Expoelearning y Expoformaci\u00f3n\" \/>\n<meta name=\"twitter:label1\" content=\"Escrito por\" \/>\n\t<meta name=\"twitter:data1\" content=\"admin\" \/>\n\t<meta name=\"twitter:label2\" content=\"Tiempo de lectura\" \/>\n\t<meta name=\"twitter:data2\" content=\"2 minutos\" \/>\n<script type=\"application\/ld+json\" class=\"yoast-schema-graph\">{\"@context\":\"https:\/\/schema.org\",\"@graph\":[{\"@type\":\"WebSite\",\"@id\":\"https:\/\/grupovertice.com\/blog\/#website\",\"url\":\"https:\/\/grupovertice.com\/blog\/\",\"name\":\"V\\u00c9RTICE\",\"description\":\"BLOG DE FORMACI\\u00d3N Y EMPLEO\",\"potentialAction\":[{\"@type\":\"SearchAction\",\"target\":{\"@type\":\"EntryPoint\",\"urlTemplate\":\"https:\/\/grupovertice.com\/blog\/?s={search_term_string}\"},\"query-input\":\"required name=search_term_string\"}],\"inLanguage\":\"es\"},{\"@type\":\"ImageObject\",\"@id\":\"https:\/\/grupovertice.com\/blog\/ya-puedes-visitar-el-stand-de-vertice-en-expoelearning-y-expoformacion-las-ferias-mas-importantes-del-sector-de-la-formacion\/#primaryimage\",\"inLanguage\":\"es\",\"url\":\"https:\/\/grupovertice.com\/blog\/wp-content\/uploads\/2016\/03\/feria_expoelearning.jpg\",\"contentUrl\":\"https:\/\/grupovertice.com\/blog\/wp-content\/uploads\/2016\/03\/feria_expoelearning.jpg\",\"width\":1400,\"height\":682},{\"@type\":\"WebPage\",\"@id\":\"https:\/\/grupovertice.com\/blog\/ya-puedes-visitar-el-stand-de-vertice-en-expoelearning-y-expoformacion-las-ferias-mas-importantes-del-sector-de-la-formacion\/#webpage\",\"url\":\"https:\/\/grupovertice.com\/blog\/ya-puedes-visitar-el-stand-de-vertice-en-expoelearning-y-expoformacion-las-ferias-mas-importantes-del-sector-de-la-formacion\/\",\"name\":\"YA PUEDES VISITAR EL STAND DE V\\u00c9RTICE EN EXPOELEARNING Y EXPOFORMACI\\u00d3N, LAS FERIAS M\\u00c1S IMPORTANTES DEL SECTOR DE LA FORMACI\\u00d3N\",\"isPartOf\":{\"@id\":\"https:\/\/grupovertice.com\/blog\/#website\"},\"primaryImageOfPage\":{\"@id\":\"https:\/\/grupovertice.com\/blog\/ya-puedes-visitar-el-stand-de-vertice-en-expoelearning-y-expoformacion-las-ferias-mas-importantes-del-sector-de-la-formacion\/#primaryimage\"},\"datePublished\":\"2016-03-03T12:47:55+00:00\",\"dateModified\":\"2017-04-06T07:38:24+00:00\",\"author\":{\"@id\":\"https:\/\/grupovertice.com\/blog\/#\/schema\/person\/381663d1e3ca04704bf429d4614c78d8\"},\"description\":\"Durante hoy jueves, 3 de Marzo y ma\\u00f1ana, tendr\\u00e1n lugar en Madrid los eventos m\\u00e1s importantes del sector de la formaci\\u00f3n, Expoelearning y Expoformaci\\u00f3n\",\"breadcrumb\":{\"@id\":\"https:\/\/grupovertice.com\/blog\/ya-puedes-visitar-el-stand-de-vertice-en-expoelearning-y-expoformacion-las-ferias-mas-importantes-del-sector-de-la-formacion\/#breadcrumb\"},\"inLanguage\":\"es\",\"potentialAction\":[{\"@type\":\"ReadAction\",\"target\":[\"https:\/\/grupovertice.com\/blog\/ya-puedes-visitar-el-stand-de-vertice-en-expoelearning-y-expoformacion-las-ferias-mas-importantes-del-sector-de-la-formacion\/\"]}]},{\"@type\":\"BreadcrumbList\",\"@id\":\"https:\/\/grupovertice.com\/blog\/ya-puedes-visitar-el-stand-de-vertice-en-expoelearning-y-expoformacion-las-ferias-mas-importantes-del-sector-de-la-formacion\/#breadcrumb\",\"itemListElement\":[{\"@type\":\"ListItem\",\"position\":1,\"name\":\"Portada\",\"item\":\"https:\/\/grupovertice.com\/blog\/\"},{\"@type\":\"ListItem\",\"position\":2,\"name\":\"Ya puedes visitar el stand de V\\u00e9rtice en Expoelearning y Expoformaci\\u00f3n, las ferias m\\u00e1s importantes del sector de la formaci\\u00f3n\"}]},{\"@type\":\"Person\",\"@id\":\"https:\/\/grupovertice.com\/blog\/#\/schema\/person\/381663d1e3ca04704bf429d4614c78d8\",\"name\":\"admin\",\"image\":{\"@type\":\"ImageObject\",\"@id\":\"https:\/\/grupovertice.com\/blog\/#personlogo\",\"inLanguage\":\"es\",\"url\":\"https:\/\/secure.gravatar.com\/avatar\/2df9ff9cd44a1e8b6c61018214076820?s=96&d=mm&r=g\",\"contentUrl\":\"https:\/\/secure.gravatar.com\/avatar\/2df9ff9cd44a1e8b6c61018214076820?s=96&d=mm&r=g\",\"caption\":\"admin\"},\"url\":\"https:\/\/grupovertice.com\/blog\/author\/adminvb\/\"}]}<\/script>\n<!-- \/ Yoast SEO plugin. -->","yoast_head_json":{"title":"YA PUEDES VISITAR EL STAND DE V\u00c9RTICE EN EXPOELEARNING Y EXPOFORMACI\u00d3N, LAS FERIAS M\u00c1S IMPORTANTES DEL SECTOR DE LA FORMACI\u00d3N","description":"Durante hoy jueves, 3 de Marzo y ma\u00f1ana, tendr\u00e1n lugar en Madrid los eventos m\u00e1s importantes del sector de la formaci\u00f3n, Expoelearning y Expoformaci\u00f3n","robots":{"index":"index","follow":"follow","max-snippet":"max-snippet:-1","max-image-preview":"max-image-preview:large","max-video-preview":"max-video-preview:-1"},"canonical":"https:\/\/grupovertice.com\/blog\/ya-puedes-visitar-el-stand-de-vertice-en-expoelearning-y-expoformacion-las-ferias-mas-importantes-del-sector-de-la-formacion\/","og_locale":"es_ES","og_type":"article","og_title":"YA PUEDES VISITAR EL STAND DE V\u00c9RTICE EN EXPOELEARNING Y EXPOFORMACI\u00d3N, LAS FERIAS M\u00c1S IMPORTANTES DEL SECTOR DE LA FORMACI\u00d3N","og_description":"Durante hoy jueves, 3 de Marzo y ma\u00f1ana, tendr\u00e1n lugar en Madrid los eventos m\u00e1s importantes del sector de la formaci\u00f3n, Expoelearning y Expoformaci\u00f3n","og_url":"https:\/\/grupovertice.com\/blog\/ya-puedes-visitar-el-stand-de-vertice-en-expoelearning-y-expoformacion-las-ferias-mas-importantes-del-sector-de-la-formacion\/","og_site_name":"V\u00c9RTICE","article_published_time":"2016-03-03T12:47:55+00:00","article_modified_time":"2017-04-06T07:38:24+00:00","og_image":[{"width":1400,"height":682,"url":"https:\/\/www.vertice.org\/blog\/wp-content\/uploads\/2016\/03\/feria_expoelearning.jpg","path":"\/home\/vertice\/public_html\/blog\/wp-content\/uploads\/2016\/03\/feria_expoelearning.jpg","size":"full","id":2668,"alt":"","pixels":954800,"type":"image\/jpeg"}],"twitter_card":"summary","twitter_title":"YA PUEDES VISITAR EL STAND DE V\u00c9RTICE EN EXPOELEARNING Y EXPOFORMACI\u00d3N, LAS FERIAS M\u00c1S IMPORTANTES DEL SECTOR DE LA FORMACI\u00d3N","twitter_description":"Durante hoy jueves, 3 de Marzo y ma\u00f1ana, tendr\u00e1n lugar en Madrid los eventos m\u00e1s importantes del sector de la formaci\u00f3n, Expoelearning y Expoformaci\u00f3n","twitter_misc":{"Escrito por":"admin","Tiempo de lectura":"2 minutos"},"schema":{"@context":"https:\/\/schema.org","@graph":[{"@type":"WebSite","@id":"https:\/\/grupovertice.com\/blog\/#website","url":"https:\/\/grupovertice.com\/blog\/","name":"V\u00c9RTICE","description":"BLOG DE FORMACI\u00d3N Y EMPLEO","potentialAction":[{"@type":"SearchAction","target":{"@type":"EntryPoint","urlTemplate":"https:\/\/grupovertice.com\/blog\/?s={search_term_string}"},"query-input":"required name=search_term_string"}],"inLanguage":"es"},{"@type":"ImageObject","@id":"https:\/\/grupovertice.com\/blog\/ya-puedes-visitar-el-stand-de-vertice-en-expoelearning-y-expoformacion-las-ferias-mas-importantes-del-sector-de-la-formacion\/#primaryimage","inLanguage":"es","url":"https:\/\/grupovertice.com\/blog\/wp-content\/uploads\/2016\/03\/feria_expoelearning.jpg","contentUrl":"https:\/\/grupovertice.com\/blog\/wp-content\/uploads\/2016\/03\/feria_expoelearning.jpg","width":1400,"height":682},{"@type":"WebPage","@id":"https:\/\/grupovertice.com\/blog\/ya-puedes-visitar-el-stand-de-vertice-en-expoelearning-y-expoformacion-las-ferias-mas-importantes-del-sector-de-la-formacion\/#webpage","url":"https:\/\/grupovertice.com\/blog\/ya-puedes-visitar-el-stand-de-vertice-en-expoelearning-y-expoformacion-las-ferias-mas-importantes-del-sector-de-la-formacion\/","name":"YA PUEDES VISITAR EL STAND DE V\u00c9RTICE EN EXPOELEARNING Y EXPOFORMACI\u00d3N, LAS FERIAS M\u00c1S IMPORTANTES DEL SECTOR DE LA FORMACI\u00d3N","isPartOf":{"@id":"https:\/\/grupovertice.com\/blog\/#website"},"primaryImageOfPage":{"@id":"https:\/\/grupovertice.com\/blog\/ya-puedes-visitar-el-stand-de-vertice-en-expoelearning-y-expoformacion-las-ferias-mas-importantes-del-sector-de-la-formacion\/#primaryimage"},"datePublished":"2016-03-03T12:47:55+00:00","dateModified":"2017-04-06T07:38:24+00:00","author":{"@id":"https:\/\/grupovertice.com\/blog\/#\/schema\/person\/381663d1e3ca04704bf429d4614c78d8"},"description":"Durante hoy jueves, 3 de Marzo y ma\u00f1ana, tendr\u00e1n lugar en Madrid los eventos m\u00e1s importantes del sector de la formaci\u00f3n, Expoelearning y Expoformaci\u00f3n","breadcrumb":{"@id":"https:\/\/grupovertice.com\/blog\/ya-puedes-visitar-el-stand-de-vertice-en-expoelearning-y-expoformacion-las-ferias-mas-importantes-del-sector-de-la-formacion\/#breadcrumb"},"inLanguage":"es","potentialAction":[{"@type":"ReadAction","target":["https:\/\/grupovertice.com\/blog\/ya-puedes-visitar-el-stand-de-vertice-en-expoelearning-y-expoformacion-las-ferias-mas-importantes-del-sector-de-la-formacion\/"]}]},{"@type":"BreadcrumbList","@id":"https:\/\/grupovertice.com\/blog\/ya-puedes-visitar-el-stand-de-vertice-en-expoelearning-y-expoformacion-las-ferias-mas-importantes-del-sector-de-la-formacion\/#breadcrumb","itemListElement":[{"@type":"ListItem","position":1,"name":"Portada","item":"https:\/\/grupovertice.com\/blog\/"},{"@type":"ListItem","position":2,"name":"Ya puedes visitar el stand de V\u00e9rtice en Expoelearning y Expoformaci\u00f3n, las ferias m\u00e1s importantes del sector de la formaci\u00f3n"}]},{"@type":"Person","@id":"https:\/\/grupovertice.com\/blog\/#\/schema\/person\/381663d1e3ca04704bf429d4614c78d8","name":"admin","image":{"@type":"ImageObject","@id":"https:\/\/grupovertice.com\/blog\/#personlogo","inLanguage":"es","url":"https:\/\/secure.gravatar.com\/avatar\/2df9ff9cd44a1e8b6c61018214076820?s=96&d=mm&r=g","contentUrl":"https:\/\/secure.gravatar.com\/avatar\/2df9ff9cd44a1e8b6c61018214076820?s=96&d=mm&r=g","caption":"admin"},"url":"https:\/\/grupovertice.com\/blog\/author\/adminvb\/"}]}},"fimg_url":"https:\/\/grupovertice.com\/blog\/wp-content\/uploads\/2016\/03\/feria_expoelearning.jpg","categories_names":["eLearning"],"medio":"","clean-title":true,"_links":{"self":[{"href":"https:\/\/grupovertice.com\/blog\/wp-json\/wp\/v2\/posts\/2666"}],"collection":[{"href":"https:\/\/grupovertice.com\/blog\/wp-json\/wp\/v2\/posts"}],"about":[{"href":"https:\/\/grupovertice.com\/blog\/wp-json\/wp\/v2\/types\/post"}],"author":[{"embeddable":true,"href":"https:\/\/grupovertice.com\/blog\/wp-json\/wp\/v2\/users\/3"}],"replies":[{"embeddable":true,"href":"https:\/\/grupovertice.com\/blog\/wp-json\/wp\/v2\/comments?post=2666"}],"version-history":[{"count":2,"href":"https:\/\/grupovertice.com\/blog\/wp-json\/wp\/v2\/posts\/2666\/revisions"}],"predecessor-version":[{"id":2675,"href":"https:\/\/grupovertice.com\/blog\/wp-json\/wp\/v2\/posts\/2666\/revisions\/2675"}],"wp:featuredmedia":[{"embeddable":true,"href":"https:\/\/grupovertice.com\/blog\/wp-json\/wp\/v2\/media\/2668"}],"wp:attachment":[{"href":"https:\/\/grupovertice.com\/blog\/wp-json\/wp\/v2\/media?parent=2666"}],"wp:term":[{"taxonomy":"category","embeddable":true,"href":"https:\/\/grupovertice.com\/blog\/wp-json\/wp\/v2\/categories?post=2666"},{"taxonomy":"post_tag","embeddable":true,"href":"https:\/\/grupovertice.com\/blog\/wp-json\/wp\/v2\/tags?post=2666"}],"curies":[{"name":"wp","href":"https:\/\/api.w.org\/{rel}","templated":true}]}}